{"id":4909,"date":"2022-07-02T20:43:50","date_gmt":"2022-07-02T20:43:50","guid":{"rendered":"https:\/\/rumco.es\/nova-vida-per-a-una-casa-sense-perdre-lessencia-de-la-seva-epoca\/"},"modified":"2024-09-02T10:55:24","modified_gmt":"2024-09-02T10:55:24","slug":"nova-vida-per-a-una-casa-sense-perdre-lessencia-de-la-seva-epoca","status":"publish","type":"post","link":"https:\/\/rumco.es\/es\/nova-vida-per-a-una-casa-sense-perdre-lessencia-de-la-seva-epoca\/","title":{"rendered":"Nova vida per a una casa sense perdre l\u2019ess\u00e8ncia de la seva \u00e8poca"},"content":{"rendered":"<p>Nueva vida para una casa sin perder la esencia de su \u00e9poca<\/p>\n<p>DESCRIPCI\u00d3<\/p>\n<p>En aquesta casa del centre de Terrassa ens van encarregar una reforma integral, ja que la fam\u00edlia de 6 persones tenien unes necessitats que requeria fer molts canvis. Els propietaris d&#8217;aquesta casa ens van demanar una reforma integral sense perdre l&#8217;ess\u00e8ncia de la casa, construcci\u00f3 t\u00edpica dels anys 50, sostres alts, motllures, arcades als passadissos, escales amb curvatura, etc. Hem intentat mantenir aquesta ess\u00e8ncia cl\u00e0ssica, per\u00f2 actualitzant els espais a la vida actual. La cuina, menjador i sala d\u00b4estar s\u00b4han col\u00b7locat a la planta superior, ja que \u00e9s aqu\u00ed on tenim la terrassa. Eliminem totes les parets i s&#8217;ha fet un espai obert i di\u00e0fan de la cuina, menjador i sala d&#8217;estar, aconseguint que cada element tingui el seu espai diferenciat tot i estant en un de com\u00fa. Aquesta planta gaudeix de molta llum gr\u00e0cies a la gran quantitat de finestres i gr\u00e0cies a la claraboia que es va fer sobre l&#8217;escala per donar llum tant a aquesta planta com a la inferior. En aquesta casa podr\u00edem dir que el centre neur\u00e0lgic \u00e9s l&#8217;escala. Element que hem volgut destacar, ja que \u00e9s el nostre enlla\u00e7 amb anys anteriors i \u00e9s el punt comunicador amb tots els espais. A la planta inferior trobem els dormitoris i el despatx.<\/p>\n<p>L&#8217;habitaci\u00f3 principal consta de vestuari, tocador, dormitori i bany. En aquest vam voler donar un toc elegant tractant-ho amb tons beix i negre. Tot el mobiliari de la casa ha estat curosament dissenyat i fet a mida.Ha estat un plaer dur a terme aquesta feina, tant pel plaer de veure el resultat d&#8217;una feina molt feta, com per la relaci\u00f3 immillorable mantinguda amb els clients.<\/p>\n<figure><img decoding=\"async\" src=\"https:\/\/rumco.es\/wp-content\/uploads\/elementor\/thumbs\/1_ruminteriors_reforma_bany-pr106qgi9vl88go8musp1sas0dfm3pdrdilkyex634.jpg\" alt=\"1_ruminteriors_reforma_bany\" \/><\/figure>\n<figure><img decoding=\"async\" src=\"https:\/\/rumco.es\/wp-content\/uploads\/elementor\/thumbs\/2_ruminteriors_reforma_entrada-pr106u7v17qdiwis0wf7brcmdwx2yhsoq17ivirle8.jpg\" alt=\"2_ruminteriors_reforma_entrada\" \/><\/figure>\n<figure><img decoding=\"async\" src=\"https:\/\/rumco.es\/wp-content\/uploads\/elementor\/thumbs\/4_ruminteriors_mobiliari_dormitori_part_nena-pr106yx1zdwt4yby9ggc685xcu9x0zbceogy9wkmj4.jpg\" alt=\"4_ruminteriors_mobiliari_dormitori_part_nena\" \/><\/figure>\n<figure><img decoding=\"async\" src=\"https:\/\/rumco.es\/wp-content\/uploads\/elementor\/thumbs\/6_ruminteriors_mobiliari_bany_nens-pr1071qkjw0o3s7uszo7vpgb4zw0o2mjf2fepqgg0g.jpg\" alt=\"6_ruminteriors_mobiliari_bany_nens\" \/><\/figure>\n<figure><img decoding=\"async\" src=\"https:\/\/rumco.es\/wp-content\/uploads\/elementor\/thumbs\/7_ruminteriors_reforma_escala-pr1074k34e4j2m3rciw3l6qox5i4b5xqfgdv5kc9hs.jpg\" alt=\"7_ruminteriors_reforma_escala\" \/><\/figure>\n<figure><img decoding=\"async\" src=\"https:\/\/rumco.es\/wp-content\/uploads\/elementor\/thumbs\/9_ruminteriors_reforma_habitacio_matrimoni-pr1078bfvq9od1yaqkilv5sjaozl5ycnryzt2o6osw.jpg\" alt=\"9_ruminteriors_reforma_habitacio_matrimoni\" \/><\/figure>\n<figure><img decoding=\"async\" src=\"https:\/\/rumco.es\/wp-content\/uploads\/elementor\/thumbs\/12_ruminteriors_mobiliari_vestidor-pr107b4yg8djbvu7a3qhkn2x2ulot1nuscy9ii2ia8.jpg\" alt=\"12_ruminteriors_mobiliari_vestidor\" \/><\/figure>\n<figure><img decoding=\"async\" src=\"https:\/\/rumco.es\/wp-content\/uploads\/elementor\/thumbs\/18_ruminteriors_reforma_cuina-pr107ewb7kiomboqo5czum4rge35nu2s4vk7flwxlc.jpg\" alt=\"18_ruminteriors_reforma_cuina\" \/><\/figure>\n<figure><img decoding=\"async\" src=\"https:\/\/rumco.es\/wp-content\/uploads\/elementor\/thumbs\/20_ruminterios_reforma_cuina-pr107hpts2mjl5kn7okvk3f58jp9axdz59invfsr2o.jpg\" alt=\"20_ruminterios_reforma_cuina\" \/><\/figure>\n<figure><img decoding=\"async\" src=\"https:\/\/rumco.es\/wp-content\/uploads\/elementor\/thumbs\/25_ruminteriors_mobiliari_sala_destar-pr107kjcckqejzgjr7sr9kpj0pbcy0p65nh4b9okk0.jpg\" alt=\"25_ruminteriors_mobiliari_sala_destar\" \/><\/figure>\n","protected":false},"excerpt":{"rendered":"<p>Nueva vida para una casa sin perder la esencia de su \u00e9poca DESCRIPCI\u00d3 En aquesta casa del centre de Terrassa [&hellip;]<\/p>\n","protected":false},"author":2,"featured_media":1388,"comment_status":"closed","ping_status":"closed","sticky":false,"template":"elementor_theme","format":"standard","meta":{"_mi_skip_tracking":false,"_monsterinsights_sitenote_active":false,"_monsterinsights_sitenote_note":"","_monsterinsights_sitenote_category":0,"site-sidebar-layout":"default","site-content-layout":"","ast-site-content-layout":"default","site-content-style":"default","site-sidebar-style":"default","ast-global-header-display":"","ast-banner-title-visibility":"","ast-main-header-display":"","ast-hfb-above-header-display":"","ast-hfb-below-header-display":"","ast-hfb-mobile-header-display":"","site-post-title":"","ast-breadcrumbs-content":"","ast-featured-img":"","footer-sml-layout":"","theme-transparent-header-meta":"","adv-header-id-meta":"","stick-header-meta":"","header-above-stick-meta":"","header-main-stick-meta":"","header-below-stick-meta":"","astra-migrate-meta-layouts":"default","ast-page-background-enabled":"default","ast-page-background-meta":{"desktop":{"background-color":"var(--ast-global-color-4)","background-image":"","background-repeat":"repeat","background-position":"center center","background-size":"auto","background-attachment":"scroll","background-type":"","background-media":"","overlay-type":"","overlay-color":"","overlay-opacity":"","overlay-gradient":""},"tablet":{"background-color":"","background-image":"","background-repeat":"repeat","background-position":"center center","background-size":"auto","background-attachment":"scroll","background-type":"","background-media":"","overlay-type":"","overlay-color":"","overlay-opacity":"","overlay-gradient":""},"mobile":{"background-color":"","background-image":"","background-repeat":"repeat","background-position":"center center","background-size":"auto","background-attachment":"scroll","background-type":"","background-media":"","overlay-type":"","overlay-color":"","overlay-opacity":"","overlay-gradient":""}},"ast-content-background-meta":{"desktop":{"background-color":"var(--ast-global-color-5)","background-image":"","background-repeat":"repeat","background-position":"center center","background-size":"auto","background-attachment":"scroll","background-type":"","background-media":"","overlay-type":"","overlay-color":"","overlay-opacity":"","overlay-gradient":""},"tablet":{"background-color":"var(--ast-global-color-5)","background-image":"","background-repeat":"repeat","background-position":"center center","background-size":"auto","background-attachment":"scroll","background-type":"","background-media":"","overlay-type":"","overlay-color":"","overlay-opacity":"","overlay-gradient":""},"mobile":{"background-color":"var(--ast-global-color-5)","background-image":"","background-repeat":"repeat","background-position":"center center","background-size":"auto","background-attachment":"scroll","background-type":"","background-media":"","overlay-type":"","overlay-color":"","overlay-opacity":"","overlay-gradient":""}},"footnotes":""},"categories":[52],"tags":[],"yoast_head":"<!-- This site is optimized with the Yoast SEO plugin v21.3 - https:\/\/yoast.com\/wordpress\/plugins\/seo\/ -->\n<title>Nova vida per a una casa sense perdre l\u2019ess\u00e8ncia de la seva \u00e8poca - Rumco<\/title>\n<meta name=\"robots\" content=\"index, follow, max-snippet:-1, max-image-preview:large, max-video-preview:-1\" \/>\n<link rel=\"canonical\" href=\"https:\/\/rumco.es\/es\/nova-vida-per-a-una-casa-sense-perdre-lessencia-de-la-seva-epoca\/\" \/>\n<meta property=\"og:locale\" content=\"es_ES\" \/>\n<meta property=\"og:type\" content=\"article\" \/>\n<meta property=\"og:title\" content=\"Nova vida per a una casa sense perdre l\u2019ess\u00e8ncia de la seva \u00e8poca - Rumco\" \/>\n<meta property=\"og:description\" content=\"Nueva vida para una casa sin perder la esencia de su \u00e9poca DESCRIPCI\u00d3 En aquesta casa del centre de Terrassa [&hellip;]\" \/>\n<meta property=\"og:url\" content=\"https:\/\/rumco.es\/es\/nova-vida-per-a-una-casa-sense-perdre-lessencia-de-la-seva-epoca\/\" \/>\n<meta property=\"og:site_name\" content=\"Rumco\" \/>\n<meta property=\"article:published_time\" content=\"2022-07-02T20:43:50+00:00\" \/>\n<meta property=\"article:modified_time\" content=\"2024-09-02T10:55:24+00:00\" \/>\n<meta property=\"og:image\" content=\"https:\/\/rumco.es\/wp-content\/uploads\/2022\/06\/Interseccio\u0301n-36.jpg\" \/>\n\t<meta property=\"og:image:width\" content=\"1154\" \/>\n\t<meta property=\"og:image:height\" content=\"942\" \/>\n\t<meta property=\"og:image:type\" content=\"image\/jpeg\" \/>\n<meta name=\"author\" content=\"rumcoes\" \/>\n<meta name=\"twitter:card\" content=\"summary_large_image\" \/>\n<meta name=\"twitter:label1\" content=\"Escrito por\" \/>\n\t<meta name=\"twitter:data1\" content=\"rumcoes\" \/>\n\t<meta name=\"twitter:label2\" content=\"Tiempo de lectura\" \/>\n\t<meta name=\"twitter:data2\" content=\"4 minutos\" \/>\n<script type=\"application\/ld+json\" class=\"yoast-schema-graph\">{\"@context\":\"https:\/\/schema.org\",\"@graph\":[{\"@type\":\"Article\",\"@id\":\"https:\/\/rumco.es\/es\/nova-vida-per-a-una-casa-sense-perdre-lessencia-de-la-seva-epoca\/#article\",\"isPartOf\":{\"@id\":\"https:\/\/rumco.es\/es\/nova-vida-per-a-una-casa-sense-perdre-lessencia-de-la-seva-epoca\/\"},\"author\":{\"name\":\"rumcoes\",\"@id\":\"https:\/\/rumco.es\/#\/schema\/person\/b25981de5b08835db6b4c6abd9bf5c66\"},\"headline\":\"Nova vida per a una casa sense perdre l\u2019ess\u00e8ncia de la seva \u00e8poca\",\"datePublished\":\"2022-07-02T20:43:50+00:00\",\"dateModified\":\"2024-09-02T10:55:24+00:00\",\"mainEntityOfPage\":{\"@id\":\"https:\/\/rumco.es\/es\/nova-vida-per-a-una-casa-sense-perdre-lessencia-de-la-seva-epoca\/\"},\"wordCount\":312,\"publisher\":{\"@id\":\"https:\/\/rumco.es\/#organization\"},\"articleSection\":[\"Reformas Integrales\"],\"inLanguage\":\"es\"},{\"@type\":\"WebPage\",\"@id\":\"https:\/\/rumco.es\/es\/nova-vida-per-a-una-casa-sense-perdre-lessencia-de-la-seva-epoca\/\",\"url\":\"https:\/\/rumco.es\/es\/nova-vida-per-a-una-casa-sense-perdre-lessencia-de-la-seva-epoca\/\",\"name\":\"Nova vida per a una casa sense perdre l\u2019ess\u00e8ncia de la seva \u00e8poca - Rumco\",\"isPartOf\":{\"@id\":\"https:\/\/rumco.es\/#website\"},\"datePublished\":\"2022-07-02T20:43:50+00:00\",\"dateModified\":\"2024-09-02T10:55:24+00:00\",\"breadcrumb\":{\"@id\":\"https:\/\/rumco.es\/es\/nova-vida-per-a-una-casa-sense-perdre-lessencia-de-la-seva-epoca\/#breadcrumb\"},\"inLanguage\":\"es\",\"potentialAction\":[{\"@type\":\"ReadAction\",\"target\":[\"https:\/\/rumco.es\/es\/nova-vida-per-a-una-casa-sense-perdre-lessencia-de-la-seva-epoca\/\"]}]},{\"@type\":\"BreadcrumbList\",\"@id\":\"https:\/\/rumco.es\/es\/nova-vida-per-a-una-casa-sense-perdre-lessencia-de-la-seva-epoca\/#breadcrumb\",\"itemListElement\":[{\"@type\":\"ListItem\",\"position\":1,\"name\":\"Home\",\"item\":\"https:\/\/rumco.es\/es\/\"},{\"@type\":\"ListItem\",\"position\":2,\"name\":\"Nova vida per a una casa sense perdre l\u2019ess\u00e8ncia de la seva \u00e8poca\"}]},{\"@type\":\"WebSite\",\"@id\":\"https:\/\/rumco.es\/#website\",\"url\":\"https:\/\/rumco.es\/\",\"name\":\"Rumco\",\"description\":\"\",\"publisher\":{\"@id\":\"https:\/\/rumco.es\/#organization\"},\"potentialAction\":[{\"@type\":\"SearchAction\",\"target\":{\"@type\":\"EntryPoint\",\"urlTemplate\":\"https:\/\/rumco.es\/?s={search_term_string}\"},\"query-input\":\"required name=search_term_string\"}],\"inLanguage\":\"es\"},{\"@type\":\"Organization\",\"@id\":\"https:\/\/rumco.es\/#organization\",\"name\":\"Rumco\",\"url\":\"https:\/\/rumco.es\/\",\"logo\":{\"@type\":\"ImageObject\",\"inLanguage\":\"es\",\"@id\":\"https:\/\/rumco.es\/#\/schema\/logo\/image\/\",\"url\":\"https:\/\/rumco.es\/wp-content\/uploads\/2023\/02\/logo-rumco-white-no-lema.svg\",\"contentUrl\":\"https:\/\/rumco.es\/wp-content\/uploads\/2023\/02\/logo-rumco-white-no-lema.svg\",\"caption\":\"Rumco\"},\"image\":{\"@id\":\"https:\/\/rumco.es\/#\/schema\/logo\/image\/\"}},{\"@type\":\"Person\",\"@id\":\"https:\/\/rumco.es\/#\/schema\/person\/b25981de5b08835db6b4c6abd9bf5c66\",\"name\":\"rumcoes\",\"image\":{\"@type\":\"ImageObject\",\"inLanguage\":\"es\",\"@id\":\"https:\/\/rumco.es\/#\/schema\/person\/image\/\",\"url\":\"https:\/\/secure.gravatar.com\/avatar\/ee41b6743281801f21488b36b361d7fd?s=96&d=mm&r=g\",\"contentUrl\":\"https:\/\/secure.gravatar.com\/avatar\/ee41b6743281801f21488b36b361d7fd?s=96&d=mm&r=g\",\"caption\":\"rumcoes\"},\"url\":\"https:\/\/rumco.es\/es\/author\/rumcoes\/\"}]}<\/script>\n<!-- \/ Yoast SEO plugin. -->","yoast_head_json":{"title":"Nova vida per a una casa sense perdre l\u2019ess\u00e8ncia de la seva \u00e8poca - Rumco","robots":{"index":"index","follow":"follow","max-snippet":"max-snippet:-1","max-image-preview":"max-image-preview:large","max-video-preview":"max-video-preview:-1"},"canonical":"https:\/\/rumco.es\/es\/nova-vida-per-a-una-casa-sense-perdre-lessencia-de-la-seva-epoca\/","og_locale":"es_ES","og_type":"article","og_title":"Nova vida per a una casa sense perdre l\u2019ess\u00e8ncia de la seva \u00e8poca - Rumco","og_description":"Nueva vida para una casa sin perder la esencia de su \u00e9poca DESCRIPCI\u00d3 En aquesta casa del centre de Terrassa [&hellip;]","og_url":"https:\/\/rumco.es\/es\/nova-vida-per-a-una-casa-sense-perdre-lessencia-de-la-seva-epoca\/","og_site_name":"Rumco","article_published_time":"2022-07-02T20:43:50+00:00","article_modified_time":"2024-09-02T10:55:24+00:00","og_image":[{"width":1154,"height":942,"url":"https:\/\/rumco.es\/wp-content\/uploads\/2022\/06\/Interseccio\u0301n-36.jpg","type":"image\/jpeg"}],"author":"rumcoes","twitter_card":"summary_large_image","twitter_misc":{"Escrito por":"rumcoes","Tiempo de lectura":"4 minutos"},"schema":{"@context":"https:\/\/schema.org","@graph":[{"@type":"Article","@id":"https:\/\/rumco.es\/es\/nova-vida-per-a-una-casa-sense-perdre-lessencia-de-la-seva-epoca\/#article","isPartOf":{"@id":"https:\/\/rumco.es\/es\/nova-vida-per-a-una-casa-sense-perdre-lessencia-de-la-seva-epoca\/"},"author":{"name":"rumcoes","@id":"https:\/\/rumco.es\/#\/schema\/person\/b25981de5b08835db6b4c6abd9bf5c66"},"headline":"Nova vida per a una casa sense perdre l\u2019ess\u00e8ncia de la seva \u00e8poca","datePublished":"2022-07-02T20:43:50+00:00","dateModified":"2024-09-02T10:55:24+00:00","mainEntityOfPage":{"@id":"https:\/\/rumco.es\/es\/nova-vida-per-a-una-casa-sense-perdre-lessencia-de-la-seva-epoca\/"},"wordCount":312,"publisher":{"@id":"https:\/\/rumco.es\/#organization"},"articleSection":["Reformas Integrales"],"inLanguage":"es"},{"@type":"WebPage","@id":"https:\/\/rumco.es\/es\/nova-vida-per-a-una-casa-sense-perdre-lessencia-de-la-seva-epoca\/","url":"https:\/\/rumco.es\/es\/nova-vida-per-a-una-casa-sense-perdre-lessencia-de-la-seva-epoca\/","name":"Nova vida per a una casa sense perdre l\u2019ess\u00e8ncia de la seva \u00e8poca - Rumco","isPartOf":{"@id":"https:\/\/rumco.es\/#website"},"datePublished":"2022-07-02T20:43:50+00:00","dateModified":"2024-09-02T10:55:24+00:00","breadcrumb":{"@id":"https:\/\/rumco.es\/es\/nova-vida-per-a-una-casa-sense-perdre-lessencia-de-la-seva-epoca\/#breadcrumb"},"inLanguage":"es","potentialAction":[{"@type":"ReadAction","target":["https:\/\/rumco.es\/es\/nova-vida-per-a-una-casa-sense-perdre-lessencia-de-la-seva-epoca\/"]}]},{"@type":"BreadcrumbList","@id":"https:\/\/rumco.es\/es\/nova-vida-per-a-una-casa-sense-perdre-lessencia-de-la-seva-epoca\/#breadcrumb","itemListElement":[{"@type":"ListItem","position":1,"name":"Home","item":"https:\/\/rumco.es\/es\/"},{"@type":"ListItem","position":2,"name":"Nova vida per a una casa sense perdre l\u2019ess\u00e8ncia de la seva \u00e8poca"}]},{"@type":"WebSite","@id":"https:\/\/rumco.es\/#website","url":"https:\/\/rumco.es\/","name":"Rumco","description":"","publisher":{"@id":"https:\/\/rumco.es\/#organization"},"potentialAction":[{"@type":"SearchAction","target":{"@type":"EntryPoint","urlTemplate":"https:\/\/rumco.es\/?s={search_term_string}"},"query-input":"required name=search_term_string"}],"inLanguage":"es"},{"@type":"Organization","@id":"https:\/\/rumco.es\/#organization","name":"Rumco","url":"https:\/\/rumco.es\/","logo":{"@type":"ImageObject","inLanguage":"es","@id":"https:\/\/rumco.es\/#\/schema\/logo\/image\/","url":"https:\/\/rumco.es\/wp-content\/uploads\/2023\/02\/logo-rumco-white-no-lema.svg","contentUrl":"https:\/\/rumco.es\/wp-content\/uploads\/2023\/02\/logo-rumco-white-no-lema.svg","caption":"Rumco"},"image":{"@id":"https:\/\/rumco.es\/#\/schema\/logo\/image\/"}},{"@type":"Person","@id":"https:\/\/rumco.es\/#\/schema\/person\/b25981de5b08835db6b4c6abd9bf5c66","name":"rumcoes","image":{"@type":"ImageObject","inLanguage":"es","@id":"https:\/\/rumco.es\/#\/schema\/person\/image\/","url":"https:\/\/secure.gravatar.com\/avatar\/ee41b6743281801f21488b36b361d7fd?s=96&d=mm&r=g","contentUrl":"https:\/\/secure.gravatar.com\/avatar\/ee41b6743281801f21488b36b361d7fd?s=96&d=mm&r=g","caption":"rumcoes"},"url":"https:\/\/rumco.es\/es\/author\/rumcoes\/"}]}},"_links":{"self":[{"href":"https:\/\/rumco.es\/es\/wp-json\/wp\/v2\/posts\/4909"}],"collection":[{"href":"https:\/\/rumco.es\/es\/wp-json\/wp\/v2\/posts"}],"about":[{"href":"https:\/\/rumco.es\/es\/wp-json\/wp\/v2\/types\/post"}],"author":[{"embeddable":true,"href":"https:\/\/rumco.es\/es\/wp-json\/wp\/v2\/users\/2"}],"replies":[{"embeddable":true,"href":"https:\/\/rumco.es\/es\/wp-json\/wp\/v2\/comments?post=4909"}],"version-history":[{"count":1,"href":"https:\/\/rumco.es\/es\/wp-json\/wp\/v2\/posts\/4909\/revisions"}],"predecessor-version":[{"id":6967,"href":"https:\/\/rumco.es\/es\/wp-json\/wp\/v2\/posts\/4909\/revisions\/6967"}],"wp:featuredmedia":[{"embeddable":true,"href":"https:\/\/rumco.es\/es\/wp-json\/wp\/v2\/media\/1388"}],"wp:attachment":[{"href":"https:\/\/rumco.es\/es\/wp-json\/wp\/v2\/media?parent=4909"}],"wp:term":[{"taxonomy":"category","embeddable":true,"href":"https:\/\/rumco.es\/es\/wp-json\/wp\/v2\/categories?post=4909"},{"taxonomy":"post_tag","embeddable":true,"href":"https:\/\/rumco.es\/es\/wp-json\/wp\/v2\/tags?post=4909"}],"curies":[{"name":"wp","href":"https:\/\/api.w.org\/{rel}","templated":true}]}}