{"id":4908,"date":"2022-07-02T21:42:38","date_gmt":"2022-07-02T21:42:38","guid":{"rendered":"https:\/\/rumco.es\/reforma-duna-cuina-amplitud-i-comunicacio\/"},"modified":"2022-12-21T11:24:49","modified_gmt":"2022-12-21T11:24:49","slug":"reforma-duna-cuina-amplitud-i-comunicacio","status":"publish","type":"post","link":"https:\/\/rumco.es\/es\/reforma-duna-cuina-amplitud-i-comunicacio\/","title":{"rendered":"Reforma duna cuina: amplitud i comunicaci\u00f3"},"content":{"rendered":"<p>DESCRIPCI\u00d3<\/p>\n<p>Partint que la distribuci\u00f3 d&#8217;aquesta cuina era correcta, el repte de la reforma ha estat assolir el m\u00e0xim de millores possibles. I aix\u00ed ha estat. S&#8217;ha dissenyat un mobiliari pr\u00e0ctic, amb m\u00e9s capacitat, integrant els electrodom\u00e8stics per donar m\u00e9s amplitud i uniformitat a l&#8217;espai.<\/p>\n<p>Aquesta cuina t\u00e9 comunicaci\u00f3 a trav\u00e9s d\u00b4un distribu\u00efdor i del menjador.<\/p>\n<p>La petita part d&#8217;obra que s&#8217;ha realitzat ha estat ampliant l&#8217;obertura de la cuina-menjador, col\u00b7locant una porta corredissa per unir m\u00e9s aquests dos espais.<\/p>\n<p>Gr\u00e0cies a l&#8217;amplitud d&#8217;aquesta cuina ha perm\u00e8s fer una gran zona de treball i s&#8217;ha col\u00b7locat una taula amb gran capacitat per estar c\u00f2modament tota la fam\u00edlia, fent que sigui una zona de gran utilitat.<\/p>\n<p>La cuina tamb\u00e9 t\u00e9 comunicaci\u00f3 amb la gran terrassa on anteriorment Ruminteriors ja la va reformar fent un espai per a la barbacoa, p\u00e8rgola, zona de menjar i estar m\u00e9s zona d\u00b4enjardinament.<\/p>\n<p>El blanc i la fusta s\u00f3n les caracter\u00edstiques est\u00e8tiques principals que defineixen aquesta \u00e0mplia cuina i oberta a la resta d&#8217;espais que l&#8217;envolta.<\/p>\n<p>Gr\u00e0cies als propietaris per confiar en Ruminteriors, les reformes que hem realitzat i les que estan en projecte.<\/p>\n<p><a data-elementor-open-lightbox=\"yes\" data-elementor-lightbox-slideshow=\"c096875\" data-elementor-lightbox-title=\"01-Ruminteriors-reforma-cuina-mobiliari\" e-action-hash=\"#elementor-action%3Aaction%3Dlightbox%26settings%3DeyJpZCI6MTEyNywidXJsIjoiaHR0cDpcL1wvMTQ1LjIzOS4xOTQuMTdcL35ydW1pbnRlcmlvcnNcL3dwLWNvbnRlbnRcL3VwbG9hZHNcLzIwMjJcLzA2XC8wMS1SdW1pbnRlcmlvcnMtcmVmb3JtYS1jdWluYS1tb2JpbGlhcmktc2NhbGVkLmpwZyIsInNsaWRlc2hvdyI6ImMwOTY4NzUifQ%3D%3D\" href=\"https:\/\/rumco.es\/wp-content\/uploads\/2022\/06\/01-Ruminteriors-reforma-cuina-mobiliari-scaled.jpg\"><\/a><\/p>\n<p><a data-elementor-open-lightbox=\"yes\" data-elementor-lightbox-slideshow=\"c096875\" data-elementor-lightbox-title=\"01-Ruminteriors-reforma-cuina-mobiliari\" e-action-hash=\"#elementor-action%3Aaction%3Dlightbox%26settings%3DeyJpZCI6MTEyNywidXJsIjoiaHR0cDpcL1wvMTQ1LjIzOS4xOTQuMTdcL35ydW1pbnRlcmlvcnNcL3dwLWNvbnRlbnRcL3VwbG9hZHNcLzIwMjJcLzA2XC8wMS1SdW1pbnRlcmlvcnMtcmVmb3JtYS1jdWluYS1tb2JpbGlhcmktc2NhbGVkLmpwZyIsInNsaWRlc2hvdyI6ImMwOTY4NzUifQ%3D%3D\" href=\"https:\/\/rumco.es\/wp-content\/uploads\/2022\/06\/01-Ruminteriors-reforma-cuina-mobiliari-scaled.jpg\"><\/a><\/p>\n<p><a data-elementor-open-lightbox=\"yes\" data-elementor-lightbox-slideshow=\"c096875\" data-elementor-lightbox-title=\"01-Ruminteriors-reforma-cuina-mobiliari\" e-action-hash=\"#elementor-action%3Aaction%3Dlightbox%26settings%3DeyJpZCI6MTEyNywidXJsIjoiaHR0cDpcL1wvMTQ1LjIzOS4xOTQuMTdcL35ydW1pbnRlcmlvcnNcL3dwLWNvbnRlbnRcL3VwbG9hZHNcLzIwMjJcLzA2XC8wMS1SdW1pbnRlcmlvcnMtcmVmb3JtYS1jdWluYS1tb2JpbGlhcmktc2NhbGVkLmpwZyIsInNsaWRlc2hvdyI6ImMwOTY4NzUifQ%3D%3D\" href=\"https:\/\/rumco.es\/wp-content\/uploads\/2022\/06\/01-Ruminteriors-reforma-cuina-mobiliari-scaled.jpg\"><\/a><\/p>\n<p><a data-elementor-open-lightbox=\"yes\" data-elementor-lightbox-slideshow=\"c096875\" data-elementor-lightbox-title=\"01-Ruminteriors-reforma-cuina-mobiliari\" e-action-hash=\"#elementor-action%3Aaction%3Dlightbox%26settings%3DeyJpZCI6MTEyNywidXJsIjoiaHR0cDpcL1wvMTQ1LjIzOS4xOTQuMTdcL35ydW1pbnRlcmlvcnNcL3dwLWNvbnRlbnRcL3VwbG9hZHNcLzIwMjJcLzA2XC8wMS1SdW1pbnRlcmlvcnMtcmVmb3JtYS1jdWluYS1tb2JpbGlhcmktc2NhbGVkLmpwZyIsInNsaWRlc2hvdyI6ImMwOTY4NzUifQ%3D%3D\" href=\"https:\/\/rumco.es\/wp-content\/uploads\/2022\/06\/01-Ruminteriors-reforma-cuina-mobiliari-scaled.jpg\"><\/a><\/p>\n<p><a data-elementor-open-lightbox=\"yes\" data-elementor-lightbox-slideshow=\"c096875\" data-elementor-lightbox-title=\"01-Ruminteriors-reforma-cuina-mobiliari\" e-action-hash=\"#elementor-action%3Aaction%3Dlightbox%26settings%3DeyJpZCI6MTEyNywidXJsIjoiaHR0cDpcL1wvMTQ1LjIzOS4xOTQuMTdcL35ydW1pbnRlcmlvcnNcL3dwLWNvbnRlbnRcL3VwbG9hZHNcLzIwMjJcLzA2XC8wMS1SdW1pbnRlcmlvcnMtcmVmb3JtYS1jdWluYS1tb2JpbGlhcmktc2NhbGVkLmpwZyIsInNsaWRlc2hvdyI6ImMwOTY4NzUifQ%3D%3D\" href=\"https:\/\/rumco.es\/wp-content\/uploads\/2022\/06\/01-Ruminteriors-reforma-cuina-mobiliari-scaled.jpg\"><\/p>\n<figure><img decoding=\"async\" src=\"https:\/\/rumco.es\/wp-content\/uploads\/elementor\/thumbs\/01-Ruminteriors-reforma-cuina-mobiliari-scaled-pr0zr84diacwo37975gawp6z5hvl3ht78r35w1x0r4.jpg\" alt=\"01-Ruminteriors-reforma-cuina-mobiliari\"><\/figure>\n<p><\/a><a data-elementor-open-lightbox=\"yes\" data-elementor-lightbox-slideshow=\"c096875\" data-elementor-lightbox-title=\"01-Ruminteriors-reforma-cuina-mobiliari\" e-action-hash=\"#elementor-action%3Aaction%3Dlightbox%26settings%3DeyJpZCI6MTEyNywidXJsIjoiaHR0cDpcL1wvMTQ1LjIzOS4xOTQuMTdcL35ydW1pbnRlcmlvcnNcL3dwLWNvbnRlbnRcL3VwbG9hZHNcLzIwMjJcLzA2XC8wMS1SdW1pbnRlcmlvcnMtcmVmb3JtYS1jdWluYS1tb2JpbGlhcmktc2NhbGVkLmpwZyIsInNsaWRlc2hvdyI6ImMwOTY4NzUifQ%3D%3D\" href=\"https:\/\/rumco.es\/wp-content\/uploads\/2022\/06\/01-Ruminteriors-reforma-cuina-mobiliari-scaled.jpg\"><\/a><a data-elementor-open-lightbox=\"yes\" data-elementor-lightbox-slideshow=\"c096875\" data-elementor-lightbox-title=\"01-Ruminteriors-reforma-cuina-mobiliari\" e-action-hash=\"#elementor-action%3Aaction%3Dlightbox%26settings%3DeyJpZCI6MTEyNywidXJsIjoiaHR0cDpcL1wvMTQ1LjIzOS4xOTQuMTdcL35ydW1pbnRlcmlvcnNcL3dwLWNvbnRlbnRcL3VwbG9hZHNcLzIwMjJcLzA2XC8wMS1SdW1pbnRlcmlvcnMtcmVmb3JtYS1jdWluYS1tb2JpbGlhcmktc2NhbGVkLmpwZyIsInNsaWRlc2hvdyI6ImMwOTY4NzUifQ%3D%3D\" href=\"https:\/\/rumco.es\/wp-content\/uploads\/2022\/06\/01-Ruminteriors-reforma-cuina-mobiliari-scaled.jpg\"><\/a><a data-elementor-open-lightbox=\"yes\" data-elementor-lightbox-slideshow=\"c096875\" data-elementor-lightbox-title=\"01-Ruminteriors-reforma-cuina-mobiliari\" e-action-hash=\"#elementor-action%3Aaction%3Dlightbox%26settings%3DeyJpZCI6MTEyNywidXJsIjoiaHR0cDpcL1wvMTQ1LjIzOS4xOTQuMTdcL35ydW1pbnRlcmlvcnNcL3dwLWNvbnRlbnRcL3VwbG9hZHNcLzIwMjJcLzA2XC8wMS1SdW1pbnRlcmlvcnMtcmVmb3JtYS1jdWluYS1tb2JpbGlhcmktc2NhbGVkLmpwZyIsInNsaWRlc2hvdyI6ImMwOTY4NzUifQ%3D%3D\" href=\"https:\/\/rumco.es\/wp-content\/uploads\/2022\/06\/01-Ruminteriors-reforma-cuina-mobiliari-scaled.jpg\"><\/a><a data-elementor-open-lightbox=\"yes\" data-elementor-lightbox-slideshow=\"c096875\" data-elementor-lightbox-title=\"01-Ruminteriors-reforma-cuina-mobiliari\" e-action-hash=\"#elementor-action%3Aaction%3Dlightbox%26settings%3DeyJpZCI6MTEyNywidXJsIjoiaHR0cDpcL1wvMTQ1LjIzOS4xOTQuMTdcL35ydW1pbnRlcmlvcnNcL3dwLWNvbnRlbnRcL3VwbG9hZHNcLzIwMjJcLzA2XC8wMS1SdW1pbnRlcmlvcnMtcmVmb3JtYS1jdWluYS1tb2JpbGlhcmktc2NhbGVkLmpwZyIsInNsaWRlc2hvdyI6ImMwOTY4NzUifQ%3D%3D\" href=\"https:\/\/rumco.es\/wp-content\/uploads\/2022\/06\/01-Ruminteriors-reforma-cuina-mobiliari-scaled.jpg\"><\/a><a data-elementor-open-lightbox=\"yes\" data-elementor-lightbox-slideshow=\"c096875\" data-elementor-lightbox-title=\"02-Ruminteriors-reforma-cuina-mobiliari\" e-action-hash=\"#elementor-action%3Aaction%3Dlightbox%26settings%3DeyJpZCI6MTEyOSwidXJsIjoiaHR0cDpcL1wvMTQ1LjIzOS4xOTQuMTdcL35ydW1pbnRlcmlvcnNcL3dwLWNvbnRlbnRcL3VwbG9hZHNcLzIwMjJcLzA2XC8wMi1SdW1pbnRlcmlvcnMtcmVmb3JtYS1jdWluYS1tb2JpbGlhcmktc2NhbGVkLmpwZyIsInNsaWRlc2hvdyI6ImMwOTY4NzUifQ%3D%3D\" href=\"https:\/\/rumco.es\/wp-content\/uploads\/2022\/06\/02-Ruminteriors-reforma-cuina-mobiliari-scaled.jpg\"><\/a><\/p>\n<p><a data-elementor-open-lightbox=\"yes\" data-elementor-lightbox-slideshow=\"c096875\" data-elementor-lightbox-title=\"02-Ruminteriors-reforma-cuina-mobiliari\" e-action-hash=\"#elementor-action%3Aaction%3Dlightbox%26settings%3DeyJpZCI6MTEyOSwidXJsIjoiaHR0cDpcL1wvMTQ1LjIzOS4xOTQuMTdcL35ydW1pbnRlcmlvcnNcL3dwLWNvbnRlbnRcL3VwbG9hZHNcLzIwMjJcLzA2XC8wMi1SdW1pbnRlcmlvcnMtcmVmb3JtYS1jdWluYS1tb2JpbGlhcmktc2NhbGVkLmpwZyIsInNsaWRlc2hvdyI6ImMwOTY4NzUifQ%3D%3D\" href=\"https:\/\/rumco.es\/wp-content\/uploads\/2022\/06\/02-Ruminteriors-reforma-cuina-mobiliari-scaled.jpg\"><\/a><\/p>\n<p><a data-elementor-open-lightbox=\"yes\" data-elementor-lightbox-slideshow=\"c096875\" data-elementor-lightbox-title=\"02-Ruminteriors-reforma-cuina-mobiliari\" e-action-hash=\"#elementor-action%3Aaction%3Dlightbox%26settings%3DeyJpZCI6MTEyOSwidXJsIjoiaHR0cDpcL1wvMTQ1LjIzOS4xOTQuMTdcL35ydW1pbnRlcmlvcnNcL3dwLWNvbnRlbnRcL3VwbG9hZHNcLzIwMjJcLzA2XC8wMi1SdW1pbnRlcmlvcnMtcmVmb3JtYS1jdWluYS1tb2JpbGlhcmktc2NhbGVkLmpwZyIsInNsaWRlc2hvdyI6ImMwOTY4NzUifQ%3D%3D\" href=\"https:\/\/rumco.es\/wp-content\/uploads\/2022\/06\/02-Ruminteriors-reforma-cuina-mobiliari-scaled.jpg\"><\/a><\/p>\n<p><a data-elementor-open-lightbox=\"yes\" data-elementor-lightbox-slideshow=\"c096875\" data-elementor-lightbox-title=\"02-Ruminteriors-reforma-cuina-mobiliari\" e-action-hash=\"#elementor-action%3Aaction%3Dlightbox%26settings%3DeyJpZCI6MTEyOSwidXJsIjoiaHR0cDpcL1wvMTQ1LjIzOS4xOTQuMTdcL35ydW1pbnRlcmlvcnNcL3dwLWNvbnRlbnRcL3VwbG9hZHNcLzIwMjJcLzA2XC8wMi1SdW1pbnRlcmlvcnMtcmVmb3JtYS1jdWluYS1tb2JpbGlhcmktc2NhbGVkLmpwZyIsInNsaWRlc2hvdyI6ImMwOTY4NzUifQ%3D%3D\" href=\"https:\/\/rumco.es\/wp-content\/uploads\/2022\/06\/02-Ruminteriors-reforma-cuina-mobiliari-scaled.jpg\"><\/a><\/p>\n<p><a data-elementor-open-lightbox=\"yes\" data-elementor-lightbox-slideshow=\"c096875\" data-elementor-lightbox-title=\"02-Ruminteriors-reforma-cuina-mobiliari\" e-action-hash=\"#elementor-action%3Aaction%3Dlightbox%26settings%3DeyJpZCI6MTEyOSwidXJsIjoiaHR0cDpcL1wvMTQ1LjIzOS4xOTQuMTdcL35ydW1pbnRlcmlvcnNcL3dwLWNvbnRlbnRcL3VwbG9hZHNcLzIwMjJcLzA2XC8wMi1SdW1pbnRlcmlvcnMtcmVmb3JtYS1jdWluYS1tb2JpbGlhcmktc2NhbGVkLmpwZyIsInNsaWRlc2hvdyI6ImMwOTY4NzUifQ%3D%3D\" href=\"https:\/\/rumco.es\/wp-content\/uploads\/2022\/06\/02-Ruminteriors-reforma-cuina-mobiliari-scaled.jpg\"><\/p>\n<figure><img decoding=\"async\" src=\"https:\/\/rumco.es\/wp-content\/uploads\/elementor\/thumbs\/02-Ruminteriors-reforma-cuina-mobiliari-scaled-pr0zraxw2sgrmx35qoo6m6hcxnhoql4e951mbvsu8g.jpg\" alt=\"02-Ruminteriors-reforma-cuina-mobiliari\"><\/figure>\n<p><\/a><a data-elementor-open-lightbox=\"yes\" data-elementor-lightbox-slideshow=\"c096875\" data-elementor-lightbox-title=\"02-Ruminteriors-reforma-cuina-mobiliari\" e-action-hash=\"#elementor-action%3Aaction%3Dlightbox%26settings%3DeyJpZCI6MTEyOSwidXJsIjoiaHR0cDpcL1wvMTQ1LjIzOS4xOTQuMTdcL35ydW1pbnRlcmlvcnNcL3dwLWNvbnRlbnRcL3VwbG9hZHNcLzIwMjJcLzA2XC8wMi1SdW1pbnRlcmlvcnMtcmVmb3JtYS1jdWluYS1tb2JpbGlhcmktc2NhbGVkLmpwZyIsInNsaWRlc2hvdyI6ImMwOTY4NzUifQ%3D%3D\" href=\"https:\/\/rumco.es\/wp-content\/uploads\/2022\/06\/02-Ruminteriors-reforma-cuina-mobiliari-scaled.jpg\"><\/a><a data-elementor-open-lightbox=\"yes\" data-elementor-lightbox-slideshow=\"c096875\" data-elementor-lightbox-title=\"02-Ruminteriors-reforma-cuina-mobiliari\" e-action-hash=\"#elementor-action%3Aaction%3Dlightbox%26settings%3DeyJpZCI6MTEyOSwidXJsIjoiaHR0cDpcL1wvMTQ1LjIzOS4xOTQuMTdcL35ydW1pbnRlcmlvcnNcL3dwLWNvbnRlbnRcL3VwbG9hZHNcLzIwMjJcLzA2XC8wMi1SdW1pbnRlcmlvcnMtcmVmb3JtYS1jdWluYS1tb2JpbGlhcmktc2NhbGVkLmpwZyIsInNsaWRlc2hvdyI6ImMwOTY4NzUifQ%3D%3D\" href=\"https:\/\/rumco.es\/wp-content\/uploads\/2022\/06\/02-Ruminteriors-reforma-cuina-mobiliari-scaled.jpg\"><\/a><a data-elementor-open-lightbox=\"yes\" data-elementor-lightbox-slideshow=\"c096875\" data-elementor-lightbox-title=\"02-Ruminteriors-reforma-cuina-mobiliari\" e-action-hash=\"#elementor-action%3Aaction%3Dlightbox%26settings%3DeyJpZCI6MTEyOSwidXJsIjoiaHR0cDpcL1wvMTQ1LjIzOS4xOTQuMTdcL35ydW1pbnRlcmlvcnNcL3dwLWNvbnRlbnRcL3VwbG9hZHNcLzIwMjJcLzA2XC8wMi1SdW1pbnRlcmlvcnMtcmVmb3JtYS1jdWluYS1tb2JpbGlhcmktc2NhbGVkLmpwZyIsInNsaWRlc2hvdyI6ImMwOTY4NzUifQ%3D%3D\" href=\"https:\/\/rumco.es\/wp-content\/uploads\/2022\/06\/02-Ruminteriors-reforma-cuina-mobiliari-scaled.jpg\"><\/a><a data-elementor-open-lightbox=\"yes\" data-elementor-lightbox-slideshow=\"c096875\" data-elementor-lightbox-title=\"02-Ruminteriors-reforma-cuina-mobiliari\" e-action-hash=\"#elementor-action%3Aaction%3Dlightbox%26settings%3DeyJpZCI6MTEyOSwidXJsIjoiaHR0cDpcL1wvMTQ1LjIzOS4xOTQuMTdcL35ydW1pbnRlcmlvcnNcL3dwLWNvbnRlbnRcL3VwbG9hZHNcLzIwMjJcLzA2XC8wMi1SdW1pbnRlcmlvcnMtcmVmb3JtYS1jdWluYS1tb2JpbGlhcmktc2NhbGVkLmpwZyIsInNsaWRlc2hvdyI6ImMwOTY4NzUifQ%3D%3D\" href=\"https:\/\/rumco.es\/wp-content\/uploads\/2022\/06\/02-Ruminteriors-reforma-cuina-mobiliari-scaled.jpg\"><\/a><a data-elementor-open-lightbox=\"yes\" data-elementor-lightbox-slideshow=\"c096875\" data-elementor-lightbox-title=\"03-Ruminteriors-reforma-cuina-mobiliari\" e-action-hash=\"#elementor-action%3Aaction%3Dlightbox%26settings%3DeyJpZCI6MTEzMSwidXJsIjoiaHR0cDpcL1wvMTQ1LjIzOS4xOTQuMTdcL35ydW1pbnRlcmlvcnNcL3dwLWNvbnRlbnRcL3VwbG9hZHNcLzIwMjJcLzA2XC8wMy1SdW1pbnRlcmlvcnMtcmVmb3JtYS1jdWluYS1tb2JpbGlhcmktc2NhbGVkLmpwZyIsInNsaWRlc2hvdyI6ImMwOTY4NzUifQ%3D%3D\" href=\"https:\/\/rumco.es\/wp-content\/uploads\/2022\/06\/03-Ruminteriors-reforma-cuina-mobiliari-scaled.jpg\"><\/a><\/p>\n<p><a data-elementor-open-lightbox=\"yes\" data-elementor-lightbox-slideshow=\"c096875\" data-elementor-lightbox-title=\"03-Ruminteriors-reforma-cuina-mobiliari\" e-action-hash=\"#elementor-action%3Aaction%3Dlightbox%26settings%3DeyJpZCI6MTEzMSwidXJsIjoiaHR0cDpcL1wvMTQ1LjIzOS4xOTQuMTdcL35ydW1pbnRlcmlvcnNcL3dwLWNvbnRlbnRcL3VwbG9hZHNcLzIwMjJcLzA2XC8wMy1SdW1pbnRlcmlvcnMtcmVmb3JtYS1jdWluYS1tb2JpbGlhcmktc2NhbGVkLmpwZyIsInNsaWRlc2hvdyI6ImMwOTY4NzUifQ%3D%3D\" href=\"https:\/\/rumco.es\/wp-content\/uploads\/2022\/06\/03-Ruminteriors-reforma-cuina-mobiliari-scaled.jpg\"><\/a><\/p>\n<p><a data-elementor-open-lightbox=\"yes\" data-elementor-lightbox-slideshow=\"c096875\" data-elementor-lightbox-title=\"03-Ruminteriors-reforma-cuina-mobiliari\" e-action-hash=\"#elementor-action%3Aaction%3Dlightbox%26settings%3DeyJpZCI6MTEzMSwidXJsIjoiaHR0cDpcL1wvMTQ1LjIzOS4xOTQuMTdcL35ydW1pbnRlcmlvcnNcL3dwLWNvbnRlbnRcL3VwbG9hZHNcLzIwMjJcLzA2XC8wMy1SdW1pbnRlcmlvcnMtcmVmb3JtYS1jdWluYS1tb2JpbGlhcmktc2NhbGVkLmpwZyIsInNsaWRlc2hvdyI6ImMwOTY4NzUifQ%3D%3D\" href=\"https:\/\/rumco.es\/wp-content\/uploads\/2022\/06\/03-Ruminteriors-reforma-cuina-mobiliari-scaled.jpg\"><\/a><\/p>\n<p><a data-elementor-open-lightbox=\"yes\" data-elementor-lightbox-slideshow=\"c096875\" data-elementor-lightbox-title=\"03-Ruminteriors-reforma-cuina-mobiliari\" e-action-hash=\"#elementor-action%3Aaction%3Dlightbox%26settings%3DeyJpZCI6MTEzMSwidXJsIjoiaHR0cDpcL1wvMTQ1LjIzOS4xOTQuMTdcL35ydW1pbnRlcmlvcnNcL3dwLWNvbnRlbnRcL3VwbG9hZHNcLzIwMjJcLzA2XC8wMy1SdW1pbnRlcmlvcnMtcmVmb3JtYS1jdWluYS1tb2JpbGlhcmktc2NhbGVkLmpwZyIsInNsaWRlc2hvdyI6ImMwOTY4NzUifQ%3D%3D\" href=\"https:\/\/rumco.es\/wp-content\/uploads\/2022\/06\/03-Ruminteriors-reforma-cuina-mobiliari-scaled.jpg\"><\/a><\/p>\n<p><a data-elementor-open-lightbox=\"yes\" data-elementor-lightbox-slideshow=\"c096875\" data-elementor-lightbox-title=\"03-Ruminteriors-reforma-cuina-mobiliari\" e-action-hash=\"#elementor-action%3Aaction%3Dlightbox%26settings%3DeyJpZCI6MTEzMSwidXJsIjoiaHR0cDpcL1wvMTQ1LjIzOS4xOTQuMTdcL35ydW1pbnRlcmlvcnNcL3dwLWNvbnRlbnRcL3VwbG9hZHNcLzIwMjJcLzA2XC8wMy1SdW1pbnRlcmlvcnMtcmVmb3JtYS1jdWluYS1tb2JpbGlhcmktc2NhbGVkLmpwZyIsInNsaWRlc2hvdyI6ImMwOTY4NzUifQ%3D%3D\" href=\"https:\/\/rumco.es\/wp-content\/uploads\/2022\/06\/03-Ruminteriors-reforma-cuina-mobiliari-scaled.jpg\"><\/p>\n<figure><img decoding=\"async\" src=\"https:\/\/rumco.es\/wp-content\/uploads\/elementor\/thumbs\/03-Ruminteriors-reforma-cuina-mobiliari-scaled-pr0zrgkx7sohkkuytr3y1524hypw0rqs9wyj7jkh74.jpg\" alt=\"03-Ruminteriors-reforma-cuina-mobiliari\"><\/figure>\n<p><\/a><a data-elementor-open-lightbox=\"yes\" data-elementor-lightbox-slideshow=\"c096875\" data-elementor-lightbox-title=\"03-Ruminteriors-reforma-cuina-mobiliari\" e-action-hash=\"#elementor-action%3Aaction%3Dlightbox%26settings%3DeyJpZCI6MTEzMSwidXJsIjoiaHR0cDpcL1wvMTQ1LjIzOS4xOTQuMTdcL35ydW1pbnRlcmlvcnNcL3dwLWNvbnRlbnRcL3VwbG9hZHNcLzIwMjJcLzA2XC8wMy1SdW1pbnRlcmlvcnMtcmVmb3JtYS1jdWluYS1tb2JpbGlhcmktc2NhbGVkLmpwZyIsInNsaWRlc2hvdyI6ImMwOTY4NzUifQ%3D%3D\" href=\"https:\/\/rumco.es\/wp-content\/uploads\/2022\/06\/03-Ruminteriors-reforma-cuina-mobiliari-scaled.jpg\"><\/a><a data-elementor-open-lightbox=\"yes\" data-elementor-lightbox-slideshow=\"c096875\" data-elementor-lightbox-title=\"03-Ruminteriors-reforma-cuina-mobiliari\" e-action-hash=\"#elementor-action%3Aaction%3Dlightbox%26settings%3DeyJpZCI6MTEzMSwidXJsIjoiaHR0cDpcL1wvMTQ1LjIzOS4xOTQuMTdcL35ydW1pbnRlcmlvcnNcL3dwLWNvbnRlbnRcL3VwbG9hZHNcLzIwMjJcLzA2XC8wMy1SdW1pbnRlcmlvcnMtcmVmb3JtYS1jdWluYS1tb2JpbGlhcmktc2NhbGVkLmpwZyIsInNsaWRlc2hvdyI6ImMwOTY4NzUifQ%3D%3D\" href=\"https:\/\/rumco.es\/wp-content\/uploads\/2022\/06\/03-Ruminteriors-reforma-cuina-mobiliari-scaled.jpg\"><\/a><a data-elementor-open-lightbox=\"yes\" data-elementor-lightbox-slideshow=\"c096875\" data-elementor-lightbox-title=\"03-Ruminteriors-reforma-cuina-mobiliari\" e-action-hash=\"#elementor-action%3Aaction%3Dlightbox%26settings%3DeyJpZCI6MTEzMSwidXJsIjoiaHR0cDpcL1wvMTQ1LjIzOS4xOTQuMTdcL35ydW1pbnRlcmlvcnNcL3dwLWNvbnRlbnRcL3VwbG9hZHNcLzIwMjJcLzA2XC8wMy1SdW1pbnRlcmlvcnMtcmVmb3JtYS1jdWluYS1tb2JpbGlhcmktc2NhbGVkLmpwZyIsInNsaWRlc2hvdyI6ImMwOTY4NzUifQ%3D%3D\" href=\"https:\/\/rumco.es\/wp-content\/uploads\/2022\/06\/03-Ruminteriors-reforma-cuina-mobiliari-scaled.jpg\"><\/a><a data-elementor-open-lightbox=\"yes\" data-elementor-lightbox-slideshow=\"c096875\" data-elementor-lightbox-title=\"03-Ruminteriors-reforma-cuina-mobiliari\" e-action-hash=\"#elementor-action%3Aaction%3Dlightbox%26settings%3DeyJpZCI6MTEzMSwidXJsIjoiaHR0cDpcL1wvMTQ1LjIzOS4xOTQuMTdcL35ydW1pbnRlcmlvcnNcL3dwLWNvbnRlbnRcL3VwbG9hZHNcLzIwMjJcLzA2XC8wMy1SdW1pbnRlcmlvcnMtcmVmb3JtYS1jdWluYS1tb2JpbGlhcmktc2NhbGVkLmpwZyIsInNsaWRlc2hvdyI6ImMwOTY4NzUifQ%3D%3D\" href=\"https:\/\/rumco.es\/wp-content\/uploads\/2022\/06\/03-Ruminteriors-reforma-cuina-mobiliari-scaled.jpg\"><\/a><a data-elementor-open-lightbox=\"yes\" data-elementor-lightbox-slideshow=\"c096875\" data-elementor-lightbox-title=\"04-Ruminteriors-reforma-cuina-mobiliari\" e-action-hash=\"#elementor-action%3Aaction%3Dlightbox%26settings%3DeyJpZCI6MTEzMywidXJsIjoiaHR0cDpcL1wvMTQ1LjIzOS4xOTQuMTdcL35ydW1pbnRlcmlvcnNcL3dwLWNvbnRlbnRcL3VwbG9hZHNcLzIwMjJcLzA2XC8wNC1SdW1pbnRlcmlvcnMtcmVmb3JtYS1jdWluYS1tb2JpbGlhcmktc2NhbGVkLmpwZyIsInNsaWRlc2hvdyI6ImMwOTY4NzUifQ%3D%3D\" href=\"https:\/\/rumco.es\/wp-content\/uploads\/2022\/06\/04-Ruminteriors-reforma-cuina-mobiliari-scaled.jpg\"><\/a><\/p>\n<p><a data-elementor-open-lightbox=\"yes\" data-elementor-lightbox-slideshow=\"c096875\" data-elementor-lightbox-title=\"04-Ruminteriors-reforma-cuina-mobiliari\" e-action-hash=\"#elementor-action%3Aaction%3Dlightbox%26settings%3DeyJpZCI6MTEzMywidXJsIjoiaHR0cDpcL1wvMTQ1LjIzOS4xOTQuMTdcL35ydW1pbnRlcmlvcnNcL3dwLWNvbnRlbnRcL3VwbG9hZHNcLzIwMjJcLzA2XC8wNC1SdW1pbnRlcmlvcnMtcmVmb3JtYS1jdWluYS1tb2JpbGlhcmktc2NhbGVkLmpwZyIsInNsaWRlc2hvdyI6ImMwOTY4NzUifQ%3D%3D\" href=\"https:\/\/rumco.es\/wp-content\/uploads\/2022\/06\/04-Ruminteriors-reforma-cuina-mobiliari-scaled.jpg\"><\/a><\/p>\n<p><a data-elementor-open-lightbox=\"yes\" data-elementor-lightbox-slideshow=\"c096875\" data-elementor-lightbox-title=\"04-Ruminteriors-reforma-cuina-mobiliari\" e-action-hash=\"#elementor-action%3Aaction%3Dlightbox%26settings%3DeyJpZCI6MTEzMywidXJsIjoiaHR0cDpcL1wvMTQ1LjIzOS4xOTQuMTdcL35ydW1pbnRlcmlvcnNcL3dwLWNvbnRlbnRcL3VwbG9hZHNcLzIwMjJcLzA2XC8wNC1SdW1pbnRlcmlvcnMtcmVmb3JtYS1jdWluYS1tb2JpbGlhcmktc2NhbGVkLmpwZyIsInNsaWRlc2hvdyI6ImMwOTY4NzUifQ%3D%3D\" href=\"https:\/\/rumco.es\/wp-content\/uploads\/2022\/06\/04-Ruminteriors-reforma-cuina-mobiliari-scaled.jpg\"><\/a><\/p>\n<p><a data-elementor-open-lightbox=\"yes\" data-elementor-lightbox-slideshow=\"c096875\" data-elementor-lightbox-title=\"04-Ruminteriors-reforma-cuina-mobiliari\" e-action-hash=\"#elementor-action%3Aaction%3Dlightbox%26settings%3DeyJpZCI6MTEzMywidXJsIjoiaHR0cDpcL1wvMTQ1LjIzOS4xOTQuMTdcL35ydW1pbnRlcmlvcnNcL3dwLWNvbnRlbnRcL3VwbG9hZHNcLzIwMjJcLzA2XC8wNC1SdW1pbnRlcmlvcnMtcmVmb3JtYS1jdWluYS1tb2JpbGlhcmktc2NhbGVkLmpwZyIsInNsaWRlc2hvdyI6ImMwOTY4NzUifQ%3D%3D\" href=\"https:\/\/rumco.es\/wp-content\/uploads\/2022\/06\/04-Ruminteriors-reforma-cuina-mobiliari-scaled.jpg\"><\/a><\/p>\n<p><a data-elementor-open-lightbox=\"yes\" data-elementor-lightbox-slideshow=\"c096875\" data-elementor-lightbox-title=\"04-Ruminteriors-reforma-cuina-mobiliari\" e-action-hash=\"#elementor-action%3Aaction%3Dlightbox%26settings%3DeyJpZCI6MTEzMywidXJsIjoiaHR0cDpcL1wvMTQ1LjIzOS4xOTQuMTdcL35ydW1pbnRlcmlvcnNcL3dwLWNvbnRlbnRcL3VwbG9hZHNcLzIwMjJcLzA2XC8wNC1SdW1pbnRlcmlvcnMtcmVmb3JtYS1jdWluYS1tb2JpbGlhcmktc2NhbGVkLmpwZyIsInNsaWRlc2hvdyI6ImMwOTY4NzUifQ%3D%3D\" href=\"https:\/\/rumco.es\/wp-content\/uploads\/2022\/06\/04-Ruminteriors-reforma-cuina-mobiliari-scaled.jpg\"><\/p>\n<figure><img decoding=\"async\" src=\"https:\/\/rumco.es\/wp-content\/uploads\/elementor\/thumbs\/04-Ruminteriors-reforma-cuina-mobiliari-scaled-pr0zrpzb451csohbav67q2oqftfk5qs3n7he0b6jgw.jpg\" alt=\"04-Ruminteriors-reforma-cuina-mobiliari\"><\/figure>\n<p><\/a><a data-elementor-open-lightbox=\"yes\" data-elementor-lightbox-slideshow=\"c096875\" data-elementor-lightbox-title=\"04-Ruminteriors-reforma-cuina-mobiliari\" e-action-hash=\"#elementor-action%3Aaction%3Dlightbox%26settings%3DeyJpZCI6MTEzMywidXJsIjoiaHR0cDpcL1wvMTQ1LjIzOS4xOTQuMTdcL35ydW1pbnRlcmlvcnNcL3dwLWNvbnRlbnRcL3VwbG9hZHNcLzIwMjJcLzA2XC8wNC1SdW1pbnRlcmlvcnMtcmVmb3JtYS1jdWluYS1tb2JpbGlhcmktc2NhbGVkLmpwZyIsInNsaWRlc2hvdyI6ImMwOTY4NzUifQ%3D%3D\" href=\"https:\/\/rumco.es\/wp-content\/uploads\/2022\/06\/04-Ruminteriors-reforma-cuina-mobiliari-scaled.jpg\"><\/a><a data-elementor-open-lightbox=\"yes\" data-elementor-lightbox-slideshow=\"c096875\" data-elementor-lightbox-title=\"04-Ruminteriors-reforma-cuina-mobiliari\" e-action-hash=\"#elementor-action%3Aaction%3Dlightbox%26settings%3DeyJpZCI6MTEzMywidXJsIjoiaHR0cDpcL1wvMTQ1LjIzOS4xOTQuMTdcL35ydW1pbnRlcmlvcnNcL3dwLWNvbnRlbnRcL3VwbG9hZHNcLzIwMjJcLzA2XC8wNC1SdW1pbnRlcmlvcnMtcmVmb3JtYS1jdWluYS1tb2JpbGlhcmktc2NhbGVkLmpwZyIsInNsaWRlc2hvdyI6ImMwOTY4NzUifQ%3D%3D\" href=\"https:\/\/rumco.es\/wp-content\/uploads\/2022\/06\/04-Ruminteriors-reforma-cuina-mobiliari-scaled.jpg\"><\/a><a data-elementor-open-lightbox=\"yes\" data-elementor-lightbox-slideshow=\"c096875\" data-elementor-lightbox-title=\"04-Ruminteriors-reforma-cuina-mobiliari\" e-action-hash=\"#elementor-action%3Aaction%3Dlightbox%26settings%3DeyJpZCI6MTEzMywidXJsIjoiaHR0cDpcL1wvMTQ1LjIzOS4xOTQuMTdcL35ydW1pbnRlcmlvcnNcL3dwLWNvbnRlbnRcL3VwbG9hZHNcLzIwMjJcLzA2XC8wNC1SdW1pbnRlcmlvcnMtcmVmb3JtYS1jdWluYS1tb2JpbGlhcmktc2NhbGVkLmpwZyIsInNsaWRlc2hvdyI6ImMwOTY4NzUifQ%3D%3D\" href=\"https:\/\/rumco.es\/wp-content\/uploads\/2022\/06\/04-Ruminteriors-reforma-cuina-mobiliari-scaled.jpg\"><\/a><a data-elementor-open-lightbox=\"yes\" data-elementor-lightbox-slideshow=\"c096875\" data-elementor-lightbox-title=\"04-Ruminteriors-reforma-cuina-mobiliari\" e-action-hash=\"#elementor-action%3Aaction%3Dlightbox%26settings%3DeyJpZCI6MTEzMywidXJsIjoiaHR0cDpcL1wvMTQ1LjIzOS4xOTQuMTdcL35ydW1pbnRlcmlvcnNcL3dwLWNvbnRlbnRcL3VwbG9hZHNcLzIwMjJcLzA2XC8wNC1SdW1pbnRlcmlvcnMtcmVmb3JtYS1jdWluYS1tb2JpbGlhcmktc2NhbGVkLmpwZyIsInNsaWRlc2hvdyI6ImMwOTY4NzUifQ%3D%3D\" href=\"https:\/\/rumco.es\/wp-content\/uploads\/2022\/06\/04-Ruminteriors-reforma-cuina-mobiliari-scaled.jpg\"><\/a><a data-elementor-open-lightbox=\"yes\" data-elementor-lightbox-slideshow=\"c096875\" data-elementor-lightbox-title=\"05-Ruminteriors-reforma-cuina-mobiliari\" e-action-hash=\"#elementor-action%3Aaction%3Dlightbox%26settings%3DeyJpZCI6MTEzNSwidXJsIjoiaHR0cDpcL1wvMTQ1LjIzOS4xOTQuMTdcL35ydW1pbnRlcmlvcnNcL3dwLWNvbnRlbnRcL3VwbG9hZHNcLzIwMjJcLzA2XC8wNS1SdW1pbnRlcmlvcnMtcmVmb3JtYS1jdWluYS1tb2JpbGlhcmktc2NhbGVkLmpwZyIsInNsaWRlc2hvdyI6ImMwOTY4NzUifQ%3D%3D\" href=\"https:\/\/rumco.es\/wp-content\/uploads\/2022\/06\/05-Ruminteriors-reforma-cuina-mobiliari-scaled.jpg\"><\/a><\/p>\n<p><a data-elementor-open-lightbox=\"yes\" data-elementor-lightbox-slideshow=\"c096875\" data-elementor-lightbox-title=\"05-Ruminteriors-reforma-cuina-mobiliari\" e-action-hash=\"#elementor-action%3Aaction%3Dlightbox%26settings%3DeyJpZCI6MTEzNSwidXJsIjoiaHR0cDpcL1wvMTQ1LjIzOS4xOTQuMTdcL35ydW1pbnRlcmlvcnNcL3dwLWNvbnRlbnRcL3VwbG9hZHNcLzIwMjJcLzA2XC8wNS1SdW1pbnRlcmlvcnMtcmVmb3JtYS1jdWluYS1tb2JpbGlhcmktc2NhbGVkLmpwZyIsInNsaWRlc2hvdyI6ImMwOTY4NzUifQ%3D%3D\" href=\"https:\/\/rumco.es\/wp-content\/uploads\/2022\/06\/05-Ruminteriors-reforma-cuina-mobiliari-scaled.jpg\"><\/a><\/p>\n<p><a data-elementor-open-lightbox=\"yes\" data-elementor-lightbox-slideshow=\"c096875\" data-elementor-lightbox-title=\"05-Ruminteriors-reforma-cuina-mobiliari\" e-action-hash=\"#elementor-action%3Aaction%3Dlightbox%26settings%3DeyJpZCI6MTEzNSwidXJsIjoiaHR0cDpcL1wvMTQ1LjIzOS4xOTQuMTdcL35ydW1pbnRlcmlvcnNcL3dwLWNvbnRlbnRcL3VwbG9hZHNcLzIwMjJcLzA2XC8wNS1SdW1pbnRlcmlvcnMtcmVmb3JtYS1jdWluYS1tb2JpbGlhcmktc2NhbGVkLmpwZyIsInNsaWRlc2hvdyI6ImMwOTY4NzUifQ%3D%3D\" href=\"https:\/\/rumco.es\/wp-content\/uploads\/2022\/06\/05-Ruminteriors-reforma-cuina-mobiliari-scaled.jpg\"><\/a><\/p>\n<p><a data-elementor-open-lightbox=\"yes\" data-elementor-lightbox-slideshow=\"c096875\" data-elementor-lightbox-title=\"05-Ruminteriors-reforma-cuina-mobiliari\" e-action-hash=\"#elementor-action%3Aaction%3Dlightbox%26settings%3DeyJpZCI6MTEzNSwidXJsIjoiaHR0cDpcL1wvMTQ1LjIzOS4xOTQuMTdcL35ydW1pbnRlcmlvcnNcL3dwLWNvbnRlbnRcL3VwbG9hZHNcLzIwMjJcLzA2XC8wNS1SdW1pbnRlcmlvcnMtcmVmb3JtYS1jdWluYS1tb2JpbGlhcmktc2NhbGVkLmpwZyIsInNsaWRlc2hvdyI6ImMwOTY4NzUifQ%3D%3D\" href=\"https:\/\/rumco.es\/wp-content\/uploads\/2022\/06\/05-Ruminteriors-reforma-cuina-mobiliari-scaled.jpg\"><\/a><\/p>\n<p><a data-elementor-open-lightbox=\"yes\" data-elementor-lightbox-slideshow=\"c096875\" data-elementor-lightbox-title=\"05-Ruminteriors-reforma-cuina-mobiliari\" e-action-hash=\"#elementor-action%3Aaction%3Dlightbox%26settings%3DeyJpZCI6MTEzNSwidXJsIjoiaHR0cDpcL1wvMTQ1LjIzOS4xOTQuMTdcL35ydW1pbnRlcmlvcnNcL3dwLWNvbnRlbnRcL3VwbG9hZHNcLzIwMjJcLzA2XC8wNS1SdW1pbnRlcmlvcnMtcmVmb3JtYS1jdWluYS1tb2JpbGlhcmktc2NhbGVkLmpwZyIsInNsaWRlc2hvdyI6ImMwOTY4NzUifQ%3D%3D\" href=\"https:\/\/rumco.es\/wp-content\/uploads\/2022\/06\/05-Ruminteriors-reforma-cuina-mobiliari-scaled.jpg\"><\/p>\n<figure><img decoding=\"async\" src=\"https:\/\/rumco.es\/wp-content\/uploads\/elementor\/thumbs\/05-Ruminteriors-reforma-cuina-mobiliari-scaled-pr0zrp1gxb02h2iogcrl5kx9ufk6y1odb2twj17xn4.jpg\" alt=\"05-Ruminteriors-reforma-cuina-mobiliari\"><\/figure>\n<p><\/a><a data-elementor-open-lightbox=\"yes\" data-elementor-lightbox-slideshow=\"c096875\" data-elementor-lightbox-title=\"05-Ruminteriors-reforma-cuina-mobiliari\" e-action-hash=\"#elementor-action%3Aaction%3Dlightbox%26settings%3DeyJpZCI6MTEzNSwidXJsIjoiaHR0cDpcL1wvMTQ1LjIzOS4xOTQuMTdcL35ydW1pbnRlcmlvcnNcL3dwLWNvbnRlbnRcL3VwbG9hZHNcLzIwMjJcLzA2XC8wNS1SdW1pbnRlcmlvcnMtcmVmb3JtYS1jdWluYS1tb2JpbGlhcmktc2NhbGVkLmpwZyIsInNsaWRlc2hvdyI6ImMwOTY4NzUifQ%3D%3D\" href=\"https:\/\/rumco.es\/wp-content\/uploads\/2022\/06\/05-Ruminteriors-reforma-cuina-mobiliari-scaled.jpg\"><\/a><a data-elementor-open-lightbox=\"yes\" data-elementor-lightbox-slideshow=\"c096875\" data-elementor-lightbox-title=\"05-Ruminteriors-reforma-cuina-mobiliari\" e-action-hash=\"#elementor-action%3Aaction%3Dlightbox%26settings%3DeyJpZCI6MTEzNSwidXJsIjoiaHR0cDpcL1wvMTQ1LjIzOS4xOTQuMTdcL35ydW1pbnRlcmlvcnNcL3dwLWNvbnRlbnRcL3VwbG9hZHNcLzIwMjJcLzA2XC8wNS1SdW1pbnRlcmlvcnMtcmVmb3JtYS1jdWluYS1tb2JpbGlhcmktc2NhbGVkLmpwZyIsInNsaWRlc2hvdyI6ImMwOTY4NzUifQ%3D%3D\" href=\"https:\/\/rumco.es\/wp-content\/uploads\/2022\/06\/05-Ruminteriors-reforma-cuina-mobiliari-scaled.jpg\"><\/a><a data-elementor-open-lightbox=\"yes\" data-elementor-lightbox-slideshow=\"c096875\" data-elementor-lightbox-title=\"05-Ruminteriors-reforma-cuina-mobiliari\" e-action-hash=\"#elementor-action%3Aaction%3Dlightbox%26settings%3DeyJpZCI6MTEzNSwidXJsIjoiaHR0cDpcL1wvMTQ1LjIzOS4xOTQuMTdcL35ydW1pbnRlcmlvcnNcL3dwLWNvbnRlbnRcL3VwbG9hZHNcLzIwMjJcLzA2XC8wNS1SdW1pbnRlcmlvcnMtcmVmb3JtYS1jdWluYS1tb2JpbGlhcmktc2NhbGVkLmpwZyIsInNsaWRlc2hvdyI6ImMwOTY4NzUifQ%3D%3D\" href=\"https:\/\/rumco.es\/wp-content\/uploads\/2022\/06\/05-Ruminteriors-reforma-cuina-mobiliari-scaled.jpg\"><\/a><a data-elementor-open-lightbox=\"yes\" data-elementor-lightbox-slideshow=\"c096875\" data-elementor-lightbox-title=\"05-Ruminteriors-reforma-cuina-mobiliari\" e-action-hash=\"#elementor-action%3Aaction%3Dlightbox%26settings%3DeyJpZCI6MTEzNSwidXJsIjoiaHR0cDpcL1wvMTQ1LjIzOS4xOTQuMTdcL35ydW1pbnRlcmlvcnNcL3dwLWNvbnRlbnRcL3VwbG9hZHNcLzIwMjJcLzA2XC8wNS1SdW1pbnRlcmlvcnMtcmVmb3JtYS1jdWluYS1tb2JpbGlhcmktc2NhbGVkLmpwZyIsInNsaWRlc2hvdyI6ImMwOTY4NzUifQ%3D%3D\" href=\"https:\/\/rumco.es\/wp-content\/uploads\/2022\/06\/05-Ruminteriors-reforma-cuina-mobiliari-scaled.jpg\"><\/a><a data-elementor-open-lightbox=\"yes\" data-elementor-lightbox-slideshow=\"c096875\" data-elementor-lightbox-title=\"06-Ruminteriors-reforma-cuina-mobiliari\" e-action-hash=\"#elementor-action%3Aaction%3Dlightbox%26settings%3DeyJpZCI6MTEzNywidXJsIjoiaHR0cDpcL1wvMTQ1LjIzOS4xOTQuMTdcL35ydW1pbnRlcmlvcnNcL3dwLWNvbnRlbnRcL3VwbG9hZHNcLzIwMjJcLzA2XC8wNi1SdW1pbnRlcmlvcnMtcmVmb3JtYS1jdWluYS1tb2JpbGlhcmktc2NhbGVkLmpwZyIsInNsaWRlc2hvdyI6ImMwOTY4NzUifQ%3D%3D\" href=\"https:\/\/rumco.es\/wp-content\/uploads\/2022\/06\/06-Ruminteriors-reforma-cuina-mobiliari-scaled.jpg\"><\/a><\/p>\n<p><a data-elementor-open-lightbox=\"yes\" data-elementor-lightbox-slideshow=\"c096875\" data-elementor-lightbox-title=\"06-Ruminteriors-reforma-cuina-mobiliari\" e-action-hash=\"#elementor-action%3Aaction%3Dlightbox%26settings%3DeyJpZCI6MTEzNywidXJsIjoiaHR0cDpcL1wvMTQ1LjIzOS4xOTQuMTdcL35ydW1pbnRlcmlvcnNcL3dwLWNvbnRlbnRcL3VwbG9hZHNcLzIwMjJcLzA2XC8wNi1SdW1pbnRlcmlvcnMtcmVmb3JtYS1jdWluYS1tb2JpbGlhcmktc2NhbGVkLmpwZyIsInNsaWRlc2hvdyI6ImMwOTY4NzUifQ%3D%3D\" href=\"https:\/\/rumco.es\/wp-content\/uploads\/2022\/06\/06-Ruminteriors-reforma-cuina-mobiliari-scaled.jpg\"><\/a><\/p>\n<p><a data-elementor-open-lightbox=\"yes\" data-elementor-lightbox-slideshow=\"c096875\" data-elementor-lightbox-title=\"06-Ruminteriors-reforma-cuina-mobiliari\" e-action-hash=\"#elementor-action%3Aaction%3Dlightbox%26settings%3DeyJpZCI6MTEzNywidXJsIjoiaHR0cDpcL1wvMTQ1LjIzOS4xOTQuMTdcL35ydW1pbnRlcmlvcnNcL3dwLWNvbnRlbnRcL3VwbG9hZHNcLzIwMjJcLzA2XC8wNi1SdW1pbnRlcmlvcnMtcmVmb3JtYS1jdWluYS1tb2JpbGlhcmktc2NhbGVkLmpwZyIsInNsaWRlc2hvdyI6ImMwOTY4NzUifQ%3D%3D\" href=\"https:\/\/rumco.es\/wp-content\/uploads\/2022\/06\/06-Ruminteriors-reforma-cuina-mobiliari-scaled.jpg\"><\/a><\/p>\n<p><a data-elementor-open-lightbox=\"yes\" data-elementor-lightbox-slideshow=\"c096875\" data-elementor-lightbox-title=\"06-Ruminteriors-reforma-cuina-mobiliari\" e-action-hash=\"#elementor-action%3Aaction%3Dlightbox%26settings%3DeyJpZCI6MTEzNywidXJsIjoiaHR0cDpcL1wvMTQ1LjIzOS4xOTQuMTdcL35ydW1pbnRlcmlvcnNcL3dwLWNvbnRlbnRcL3VwbG9hZHNcLzIwMjJcLzA2XC8wNi1SdW1pbnRlcmlvcnMtcmVmb3JtYS1jdWluYS1tb2JpbGlhcmktc2NhbGVkLmpwZyIsInNsaWRlc2hvdyI6ImMwOTY4NzUifQ%3D%3D\" href=\"https:\/\/rumco.es\/wp-content\/uploads\/2022\/06\/06-Ruminteriors-reforma-cuina-mobiliari-scaled.jpg\"><\/a><\/p>\n<p><a data-elementor-open-lightbox=\"yes\" data-elementor-lightbox-slideshow=\"c096875\" data-elementor-lightbox-title=\"06-Ruminteriors-reforma-cuina-mobiliari\" e-action-hash=\"#elementor-action%3Aaction%3Dlightbox%26settings%3DeyJpZCI6MTEzNywidXJsIjoiaHR0cDpcL1wvMTQ1LjIzOS4xOTQuMTdcL35ydW1pbnRlcmlvcnNcL3dwLWNvbnRlbnRcL3VwbG9hZHNcLzIwMjJcLzA2XC8wNi1SdW1pbnRlcmlvcnMtcmVmb3JtYS1jdWluYS1tb2JpbGlhcmktc2NhbGVkLmpwZyIsInNsaWRlc2hvdyI6ImMwOTY4NzUifQ%3D%3D\" href=\"https:\/\/rumco.es\/wp-content\/uploads\/2022\/06\/06-Ruminteriors-reforma-cuina-mobiliari-scaled.jpg\"><\/p>\n<figure><img decoding=\"async\" src=\"https:\/\/rumco.es\/wp-content\/uploads\/elementor\/thumbs\/06-Ruminteriors-reforma-cuina-mobiliari-scaled-pr0zrruzht3xfwekzvzgv27nml6al4zkbgscyv3r4g.jpg\" alt=\"06-Ruminteriors-reforma-cuina-mobiliari\"><\/figure>\n<p><\/a><a data-elementor-open-lightbox=\"yes\" data-elementor-lightbox-slideshow=\"c096875\" data-elementor-lightbox-title=\"06-Ruminteriors-reforma-cuina-mobiliari\" e-action-hash=\"#elementor-action%3Aaction%3Dlightbox%26settings%3DeyJpZCI6MTEzNywidXJsIjoiaHR0cDpcL1wvMTQ1LjIzOS4xOTQuMTdcL35ydW1pbnRlcmlvcnNcL3dwLWNvbnRlbnRcL3VwbG9hZHNcLzIwMjJcLzA2XC8wNi1SdW1pbnRlcmlvcnMtcmVmb3JtYS1jdWluYS1tb2JpbGlhcmktc2NhbGVkLmpwZyIsInNsaWRlc2hvdyI6ImMwOTY4NzUifQ%3D%3D\" href=\"https:\/\/rumco.es\/wp-content\/uploads\/2022\/06\/06-Ruminteriors-reforma-cuina-mobiliari-scaled.jpg\"><\/a><a data-elementor-open-lightbox=\"yes\" data-elementor-lightbox-slideshow=\"c096875\" data-elementor-lightbox-title=\"06-Ruminteriors-reforma-cuina-mobiliari\" e-action-hash=\"#elementor-action%3Aaction%3Dlightbox%26settings%3DeyJpZCI6MTEzNywidXJsIjoiaHR0cDpcL1wvMTQ1LjIzOS4xOTQuMTdcL35ydW1pbnRlcmlvcnNcL3dwLWNvbnRlbnRcL3VwbG9hZHNcLzIwMjJcLzA2XC8wNi1SdW1pbnRlcmlvcnMtcmVmb3JtYS1jdWluYS1tb2JpbGlhcmktc2NhbGVkLmpwZyIsInNsaWRlc2hvdyI6ImMwOTY4NzUifQ%3D%3D\" href=\"https:\/\/rumco.es\/wp-content\/uploads\/2022\/06\/06-Ruminteriors-reforma-cuina-mobiliari-scaled.jpg\"><\/a><a data-elementor-open-lightbox=\"yes\" data-elementor-lightbox-slideshow=\"c096875\" data-elementor-lightbox-title=\"06-Ruminteriors-reforma-cuina-mobiliari\" e-action-hash=\"#elementor-action%3Aaction%3Dlightbox%26settings%3DeyJpZCI6MTEzNywidXJsIjoiaHR0cDpcL1wvMTQ1LjIzOS4xOTQuMTdcL35ydW1pbnRlcmlvcnNcL3dwLWNvbnRlbnRcL3VwbG9hZHNcLzIwMjJcLzA2XC8wNi1SdW1pbnRlcmlvcnMtcmVmb3JtYS1jdWluYS1tb2JpbGlhcmktc2NhbGVkLmpwZyIsInNsaWRlc2hvdyI6ImMwOTY4NzUifQ%3D%3D\" href=\"https:\/\/rumco.es\/wp-content\/uploads\/2022\/06\/06-Ruminteriors-reforma-cuina-mobiliari-scaled.jpg\"><\/a><a data-elementor-open-lightbox=\"yes\" data-elementor-lightbox-slideshow=\"c096875\" data-elementor-lightbox-title=\"06-Ruminteriors-reforma-cuina-mobiliari\" e-action-hash=\"#elementor-action%3Aaction%3Dlightbox%26settings%3DeyJpZCI6MTEzNywidXJsIjoiaHR0cDpcL1wvMTQ1LjIzOS4xOTQuMTdcL35ydW1pbnRlcmlvcnNcL3dwLWNvbnRlbnRcL3VwbG9hZHNcLzIwMjJcLzA2XC8wNi1SdW1pbnRlcmlvcnMtcmVmb3JtYS1jdWluYS1tb2JpbGlhcmktc2NhbGVkLmpwZyIsInNsaWRlc2hvdyI6ImMwOTY4NzUifQ%3D%3D\" href=\"https:\/\/rumco.es\/wp-content\/uploads\/2022\/06\/06-Ruminteriors-reforma-cuina-mobiliari-scaled.jpg\"><\/a><a data-elementor-open-lightbox=\"yes\" data-elementor-lightbox-slideshow=\"c096875\" data-elementor-lightbox-title=\"07-Ruminteriors-reforma-cuina-mobiliari\" e-action-hash=\"#elementor-action%3Aaction%3Dlightbox%26settings%3DeyJpZCI6MTEzOSwidXJsIjoiaHR0cDpcL1wvMTQ1LjIzOS4xOTQuMTdcL35ydW1pbnRlcmlvcnNcL3dwLWNvbnRlbnRcL3VwbG9hZHNcLzIwMjJcLzA2XC8wNy1SdW1pbnRlcmlvcnMtcmVmb3JtYS1jdWluYS1tb2JpbGlhcmktc2NhbGVkLmpwZyIsInNsaWRlc2hvdyI6ImMwOTY4NzUifQ%3D%3D\" href=\"https:\/\/rumco.es\/wp-content\/uploads\/2022\/06\/07-Ruminteriors-reforma-cuina-mobiliari-scaled.jpg\"><\/a><\/p>\n<p><a data-elementor-open-lightbox=\"yes\" data-elementor-lightbox-slideshow=\"c096875\" data-elementor-lightbox-title=\"07-Ruminteriors-reforma-cuina-mobiliari\" e-action-hash=\"#elementor-action%3Aaction%3Dlightbox%26settings%3DeyJpZCI6MTEzOSwidXJsIjoiaHR0cDpcL1wvMTQ1LjIzOS4xOTQuMTdcL35ydW1pbnRlcmlvcnNcL3dwLWNvbnRlbnRcL3VwbG9hZHNcLzIwMjJcLzA2XC8wNy1SdW1pbnRlcmlvcnMtcmVmb3JtYS1jdWluYS1tb2JpbGlhcmktc2NhbGVkLmpwZyIsInNsaWRlc2hvdyI6ImMwOTY4NzUifQ%3D%3D\" href=\"https:\/\/rumco.es\/wp-content\/uploads\/2022\/06\/07-Ruminteriors-reforma-cuina-mobiliari-scaled.jpg\"><\/a><\/p>\n<p><a data-elementor-open-lightbox=\"yes\" data-elementor-lightbox-slideshow=\"c096875\" data-elementor-lightbox-title=\"07-Ruminteriors-reforma-cuina-mobiliari\" e-action-hash=\"#elementor-action%3Aaction%3Dlightbox%26settings%3DeyJpZCI6MTEzOSwidXJsIjoiaHR0cDpcL1wvMTQ1LjIzOS4xOTQuMTdcL35ydW1pbnRlcmlvcnNcL3dwLWNvbnRlbnRcL3VwbG9hZHNcLzIwMjJcLzA2XC8wNy1SdW1pbnRlcmlvcnMtcmVmb3JtYS1jdWluYS1tb2JpbGlhcmktc2NhbGVkLmpwZyIsInNsaWRlc2hvdyI6ImMwOTY4NzUifQ%3D%3D\" href=\"https:\/\/rumco.es\/wp-content\/uploads\/2022\/06\/07-Ruminteriors-reforma-cuina-mobiliari-scaled.jpg\"><\/a><\/p>\n<p><a data-elementor-open-lightbox=\"yes\" data-elementor-lightbox-slideshow=\"c096875\" data-elementor-lightbox-title=\"07-Ruminteriors-reforma-cuina-mobiliari\" e-action-hash=\"#elementor-action%3Aaction%3Dlightbox%26settings%3DeyJpZCI6MTEzOSwidXJsIjoiaHR0cDpcL1wvMTQ1LjIzOS4xOTQuMTdcL35ydW1pbnRlcmlvcnNcL3dwLWNvbnRlbnRcL3VwbG9hZHNcLzIwMjJcLzA2XC8wNy1SdW1pbnRlcmlvcnMtcmVmb3JtYS1jdWluYS1tb2JpbGlhcmktc2NhbGVkLmpwZyIsInNsaWRlc2hvdyI6ImMwOTY4NzUifQ%3D%3D\" href=\"https:\/\/rumco.es\/wp-content\/uploads\/2022\/06\/07-Ruminteriors-reforma-cuina-mobiliari-scaled.jpg\"><\/a><\/p>\n<p><a data-elementor-open-lightbox=\"yes\" data-elementor-lightbox-slideshow=\"c096875\" data-elementor-lightbox-title=\"07-Ruminteriors-reforma-cuina-mobiliari\" e-action-hash=\"#elementor-action%3Aaction%3Dlightbox%26settings%3DeyJpZCI6MTEzOSwidXJsIjoiaHR0cDpcL1wvMTQ1LjIzOS4xOTQuMTdcL35ydW1pbnRlcmlvcnNcL3dwLWNvbnRlbnRcL3VwbG9hZHNcLzIwMjJcLzA2XC8wNy1SdW1pbnRlcmlvcnMtcmVmb3JtYS1jdWluYS1tb2JpbGlhcmktc2NhbGVkLmpwZyIsInNsaWRlc2hvdyI6ImMwOTY4NzUifQ%3D%3D\" href=\"https:\/\/rumco.es\/wp-content\/uploads\/2022\/06\/07-Ruminteriors-reforma-cuina-mobiliari-scaled.jpg\"><\/p>\n<figure><img decoding=\"async\" src=\"https:\/\/rumco.es\/wp-content\/uploads\/elementor\/thumbs\/07-Ruminteriors-reforma-cuina-mobiliari-scaled-pr0zrzdp0he80s3nrz8hf0bcdo58aptf0i08t2slqo.jpg\" alt=\"07-Ruminteriors-reforma-cuina-mobiliari\"><\/figure>\n<p><\/a><a data-elementor-open-lightbox=\"yes\" data-elementor-lightbox-slideshow=\"c096875\" data-elementor-lightbox-title=\"07-Ruminteriors-reforma-cuina-mobiliari\" e-action-hash=\"#elementor-action%3Aaction%3Dlightbox%26settings%3DeyJpZCI6MTEzOSwidXJsIjoiaHR0cDpcL1wvMTQ1LjIzOS4xOTQuMTdcL35ydW1pbnRlcmlvcnNcL3dwLWNvbnRlbnRcL3VwbG9hZHNcLzIwMjJcLzA2XC8wNy1SdW1pbnRlcmlvcnMtcmVmb3JtYS1jdWluYS1tb2JpbGlhcmktc2NhbGVkLmpwZyIsInNsaWRlc2hvdyI6ImMwOTY4NzUifQ%3D%3D\" href=\"https:\/\/rumco.es\/wp-content\/uploads\/2022\/06\/07-Ruminteriors-reforma-cuina-mobiliari-scaled.jpg\"><\/a><a data-elementor-open-lightbox=\"yes\" data-elementor-lightbox-slideshow=\"c096875\" data-elementor-lightbox-title=\"07-Ruminteriors-reforma-cuina-mobiliari\" e-action-hash=\"#elementor-action%3Aaction%3Dlightbox%26settings%3DeyJpZCI6MTEzOSwidXJsIjoiaHR0cDpcL1wvMTQ1LjIzOS4xOTQuMTdcL35ydW1pbnRlcmlvcnNcL3dwLWNvbnRlbnRcL3VwbG9hZHNcLzIwMjJcLzA2XC8wNy1SdW1pbnRlcmlvcnMtcmVmb3JtYS1jdWluYS1tb2JpbGlhcmktc2NhbGVkLmpwZyIsInNsaWRlc2hvdyI6ImMwOTY4NzUifQ%3D%3D\" href=\"https:\/\/rumco.es\/wp-content\/uploads\/2022\/06\/07-Ruminteriors-reforma-cuina-mobiliari-scaled.jpg\"><\/a><a data-elementor-open-lightbox=\"yes\" data-elementor-lightbox-slideshow=\"c096875\" data-elementor-lightbox-title=\"07-Ruminteriors-reforma-cuina-mobiliari\" e-action-hash=\"#elementor-action%3Aaction%3Dlightbox%26settings%3DeyJpZCI6MTEzOSwidXJsIjoiaHR0cDpcL1wvMTQ1LjIzOS4xOTQuMTdcL35ydW1pbnRlcmlvcnNcL3dwLWNvbnRlbnRcL3VwbG9hZHNcLzIwMjJcLzA2XC8wNy1SdW1pbnRlcmlvcnMtcmVmb3JtYS1jdWluYS1tb2JpbGlhcmktc2NhbGVkLmpwZyIsInNsaWRlc2hvdyI6ImMwOTY4NzUifQ%3D%3D\" href=\"https:\/\/rumco.es\/wp-content\/uploads\/2022\/06\/07-Ruminteriors-reforma-cuina-mobiliari-scaled.jpg\"><\/a><a data-elementor-open-lightbox=\"yes\" data-elementor-lightbox-slideshow=\"c096875\" data-elementor-lightbox-title=\"07-Ruminteriors-reforma-cuina-mobiliari\" e-action-hash=\"#elementor-action%3Aaction%3Dlightbox%26settings%3DeyJpZCI6MTEzOSwidXJsIjoiaHR0cDpcL1wvMTQ1LjIzOS4xOTQuMTdcL35ydW1pbnRlcmlvcnNcL3dwLWNvbnRlbnRcL3VwbG9hZHNcLzIwMjJcLzA2XC8wNy1SdW1pbnRlcmlvcnMtcmVmb3JtYS1jdWluYS1tb2JpbGlhcmktc2NhbGVkLmpwZyIsInNsaWRlc2hvdyI6ImMwOTY4NzUifQ%3D%3D\" href=\"https:\/\/rumco.es\/wp-content\/uploads\/2022\/06\/07-Ruminteriors-reforma-cuina-mobiliari-scaled.jpg\"><\/a><a data-elementor-open-lightbox=\"yes\" data-elementor-lightbox-slideshow=\"c096875\" data-elementor-lightbox-title=\"08-Ruminteriors-reforma-cuina-mobiliari\" e-action-hash=\"#elementor-action%3Aaction%3Dlightbox%26settings%3DeyJpZCI6MTE0MSwidXJsIjoiaHR0cDpcL1wvMTQ1LjIzOS4xOTQuMTdcL35ydW1pbnRlcmlvcnNcL3dwLWNvbnRlbnRcL3VwbG9hZHNcLzIwMjJcLzA2XC8wOC1SdW1pbnRlcmlvcnMtcmVmb3JtYS1jdWluYS1tb2JpbGlhcmktc2NhbGVkLmpwZyIsInNsaWRlc2hvdyI6ImMwOTY4NzUifQ%3D%3D\" href=\"https:\/\/rumco.es\/wp-content\/uploads\/2022\/06\/08-Ruminteriors-reforma-cuina-mobiliari-scaled.jpg\"><\/a><\/p>\n<p><a data-elementor-open-lightbox=\"yes\" data-elementor-lightbox-slideshow=\"c096875\" data-elementor-lightbox-title=\"08-Ruminteriors-reforma-cuina-mobiliari\" e-action-hash=\"#elementor-action%3Aaction%3Dlightbox%26settings%3DeyJpZCI6MTE0MSwidXJsIjoiaHR0cDpcL1wvMTQ1LjIzOS4xOTQuMTdcL35ydW1pbnRlcmlvcnNcL3dwLWNvbnRlbnRcL3VwbG9hZHNcLzIwMjJcLzA2XC8wOC1SdW1pbnRlcmlvcnMtcmVmb3JtYS1jdWluYS1tb2JpbGlhcmktc2NhbGVkLmpwZyIsInNsaWRlc2hvdyI6ImMwOTY4NzUifQ%3D%3D\" href=\"https:\/\/rumco.es\/wp-content\/uploads\/2022\/06\/08-Ruminteriors-reforma-cuina-mobiliari-scaled.jpg\"><\/a><\/p>\n<p><a data-elementor-open-lightbox=\"yes\" data-elementor-lightbox-slideshow=\"c096875\" data-elementor-lightbox-title=\"08-Ruminteriors-reforma-cuina-mobiliari\" e-action-hash=\"#elementor-action%3Aaction%3Dlightbox%26settings%3DeyJpZCI6MTE0MSwidXJsIjoiaHR0cDpcL1wvMTQ1LjIzOS4xOTQuMTdcL35ydW1pbnRlcmlvcnNcL3dwLWNvbnRlbnRcL3VwbG9hZHNcLzIwMjJcLzA2XC8wOC1SdW1pbnRlcmlvcnMtcmVmb3JtYS1jdWluYS1tb2JpbGlhcmktc2NhbGVkLmpwZyIsInNsaWRlc2hvdyI6ImMwOTY4NzUifQ%3D%3D\" href=\"https:\/\/rumco.es\/wp-content\/uploads\/2022\/06\/08-Ruminteriors-reforma-cuina-mobiliari-scaled.jpg\"><\/a><\/p>\n<p><a data-elementor-open-lightbox=\"yes\" data-elementor-lightbox-slideshow=\"c096875\" data-elementor-lightbox-title=\"08-Ruminteriors-reforma-cuina-mobiliari\" e-action-hash=\"#elementor-action%3Aaction%3Dlightbox%26settings%3DeyJpZCI6MTE0MSwidXJsIjoiaHR0cDpcL1wvMTQ1LjIzOS4xOTQuMTdcL35ydW1pbnRlcmlvcnNcL3dwLWNvbnRlbnRcL3VwbG9hZHNcLzIwMjJcLzA2XC8wOC1SdW1pbnRlcmlvcnMtcmVmb3JtYS1jdWluYS1tb2JpbGlhcmktc2NhbGVkLmpwZyIsInNsaWRlc2hvdyI6ImMwOTY4NzUifQ%3D%3D\" href=\"https:\/\/rumco.es\/wp-content\/uploads\/2022\/06\/08-Ruminteriors-reforma-cuina-mobiliari-scaled.jpg\"><\/a><\/p>\n<p><a data-elementor-open-lightbox=\"yes\" data-elementor-lightbox-slideshow=\"c096875\" data-elementor-lightbox-title=\"08-Ruminteriors-reforma-cuina-mobiliari\" e-action-hash=\"#elementor-action%3Aaction%3Dlightbox%26settings%3DeyJpZCI6MTE0MSwidXJsIjoiaHR0cDpcL1wvMTQ1LjIzOS4xOTQuMTdcL35ydW1pbnRlcmlvcnNcL3dwLWNvbnRlbnRcL3VwbG9hZHNcLzIwMjJcLzA2XC8wOC1SdW1pbnRlcmlvcnMtcmVmb3JtYS1jdWluYS1tb2JpbGlhcmktc2NhbGVkLmpwZyIsInNsaWRlc2hvdyI6ImMwOTY4NzUifQ%3D%3D\" href=\"https:\/\/rumco.es\/wp-content\/uploads\/2022\/06\/08-Ruminteriors-reforma-cuina-mobiliari-scaled.jpg\"><\/p>\n<figure><img decoding=\"async\" src=\"https:\/\/rumco.es\/wp-content\/uploads\/elementor\/thumbs\/08-Ruminteriors-reforma-cuina-mobiliari-scaled-pr0zs277kzi2zlzkbigd4hlq5trbxt4m0vyp8wof80.jpg\" alt=\"08-Ruminteriors-reforma-cuina-mobiliari\"><\/figure>\n<p><\/a><a data-elementor-open-lightbox=\"yes\" data-elementor-lightbox-slideshow=\"c096875\" data-elementor-lightbox-title=\"08-Ruminteriors-reforma-cuina-mobiliari\" e-action-hash=\"#elementor-action%3Aaction%3Dlightbox%26settings%3DeyJpZCI6MTE0MSwidXJsIjoiaHR0cDpcL1wvMTQ1LjIzOS4xOTQuMTdcL35ydW1pbnRlcmlvcnNcL3dwLWNvbnRlbnRcL3VwbG9hZHNcLzIwMjJcLzA2XC8wOC1SdW1pbnRlcmlvcnMtcmVmb3JtYS1jdWluYS1tb2JpbGlhcmktc2NhbGVkLmpwZyIsInNsaWRlc2hvdyI6ImMwOTY4NzUifQ%3D%3D\" href=\"https:\/\/rumco.es\/wp-content\/uploads\/2022\/06\/08-Ruminteriors-reforma-cuina-mobiliari-scaled.jpg\"><\/a><a data-elementor-open-lightbox=\"yes\" data-elementor-lightbox-slideshow=\"c096875\" data-elementor-lightbox-title=\"08-Ruminteriors-reforma-cuina-mobiliari\" e-action-hash=\"#elementor-action%3Aaction%3Dlightbox%26settings%3DeyJpZCI6MTE0MSwidXJsIjoiaHR0cDpcL1wvMTQ1LjIzOS4xOTQuMTdcL35ydW1pbnRlcmlvcnNcL3dwLWNvbnRlbnRcL3VwbG9hZHNcLzIwMjJcLzA2XC8wOC1SdW1pbnRlcmlvcnMtcmVmb3JtYS1jdWluYS1tb2JpbGlhcmktc2NhbGVkLmpwZyIsInNsaWRlc2hvdyI6ImMwOTY4NzUifQ%3D%3D\" href=\"https:\/\/rumco.es\/wp-content\/uploads\/2022\/06\/08-Ruminteriors-reforma-cuina-mobiliari-scaled.jpg\"><\/a><a data-elementor-open-lightbox=\"yes\" data-elementor-lightbox-slideshow=\"c096875\" data-elementor-lightbox-title=\"08-Ruminteriors-reforma-cuina-mobiliari\" e-action-hash=\"#elementor-action%3Aaction%3Dlightbox%26settings%3DeyJpZCI6MTE0MSwidXJsIjoiaHR0cDpcL1wvMTQ1LjIzOS4xOTQuMTdcL35ydW1pbnRlcmlvcnNcL3dwLWNvbnRlbnRcL3VwbG9hZHNcLzIwMjJcLzA2XC8wOC1SdW1pbnRlcmlvcnMtcmVmb3JtYS1jdWluYS1tb2JpbGlhcmktc2NhbGVkLmpwZyIsInNsaWRlc2hvdyI6ImMwOTY4NzUifQ%3D%3D\" href=\"https:\/\/rumco.es\/wp-content\/uploads\/2022\/06\/08-Ruminteriors-reforma-cuina-mobiliari-scaled.jpg\"><\/a><a data-elementor-open-lightbox=\"yes\" data-elementor-lightbox-slideshow=\"c096875\" data-elementor-lightbox-title=\"08-Ruminteriors-reforma-cuina-mobiliari\" e-action-hash=\"#elementor-action%3Aaction%3Dlightbox%26settings%3DeyJpZCI6MTE0MSwidXJsIjoiaHR0cDpcL1wvMTQ1LjIzOS4xOTQuMTdcL35ydW1pbnRlcmlvcnNcL3dwLWNvbnRlbnRcL3VwbG9hZHNcLzIwMjJcLzA2XC8wOC1SdW1pbnRlcmlvcnMtcmVmb3JtYS1jdWluYS1tb2JpbGlhcmktc2NhbGVkLmpwZyIsInNsaWRlc2hvdyI6ImMwOTY4NzUifQ%3D%3D\" href=\"https:\/\/rumco.es\/wp-content\/uploads\/2022\/06\/08-Ruminteriors-reforma-cuina-mobiliari-scaled.jpg\"><\/a><\/p>\n","protected":false},"excerpt":{"rendered":"<p>DESCRIPCI\u00d3 Partint que la distribuci\u00f3 d&#8217;aquesta cuina era correcta, el repte de la reforma ha estat assolir el m\u00e0xim de [&hellip;]<\/p>\n","protected":false},"author":2,"featured_media":1392,"comment_status":"closed","ping_status":"closed","sticky":false,"template":"","format":"standard","meta":{"_mi_skip_tracking":false,"_monsterinsights_sitenote_active":false,"_monsterinsights_sitenote_note":"","_monsterinsights_sitenote_category":0,"site-sidebar-layout":"default","site-content-layout":"","ast-site-content-layout":"","site-content-style":"default","site-sidebar-style":"default","ast-global-header-display":"","ast-banner-title-visibility":"","ast-main-header-display":"","ast-hfb-above-header-display":"","ast-hfb-below-header-display":"","ast-hfb-mobile-header-display":"","site-post-title":"","ast-breadcrumbs-content":"","ast-featured-img":"","footer-sml-layout":"","theme-transparent-header-meta":"","adv-header-id-meta":"","stick-header-meta":"","header-above-stick-meta":"","header-main-stick-meta":"","header-below-stick-meta":"","astra-migrate-meta-layouts":"default","ast-page-background-enabled":"default","ast-page-background-meta":{"desktop":{"background-color":"var(--ast-global-color-4)","background-image":"","background-repeat":"repeat","background-position":"center center","background-size":"auto","background-attachment":"scroll","background-type":"","background-media":"","overlay-type":"","overlay-color":"","overlay-opacity":"","overlay-gradient":""},"tablet":{"background-color":"","background-image":"","background-repeat":"repeat","background-position":"center center","background-size":"auto","background-attachment":"scroll","background-type":"","background-media":"","overlay-type":"","overlay-color":"","overlay-opacity":"","overlay-gradient":""},"mobile":{"background-color":"","background-image":"","background-repeat":"repeat","background-position":"center center","background-size":"auto","background-attachment":"scroll","background-type":"","background-media":"","overlay-type":"","overlay-color":"","overlay-opacity":"","overlay-gradient":""}},"ast-content-background-meta":{"desktop":{"background-color":"var(--ast-global-color-5)","background-image":"","background-repeat":"repeat","background-position":"center center","background-size":"auto","background-attachment":"scroll","background-type":"","background-media":"","overlay-type":"","overlay-color":"","overlay-opacity":"","overlay-gradient":""},"tablet":{"background-color":"var(--ast-global-color-5)","background-image":"","background-repeat":"repeat","background-position":"center center","background-size":"auto","background-attachment":"scroll","background-type":"","background-media":"","overlay-type":"","overlay-color":"","overlay-opacity":"","overlay-gradient":""},"mobile":{"background-color":"var(--ast-global-color-5)","background-image":"","background-repeat":"repeat","background-position":"center center","background-size":"auto","background-attachment":"scroll","background-type":"","background-media":"","overlay-type":"","overlay-color":"","overlay-opacity":"","overlay-gradient":""}},"footnotes":""},"categories":[51],"tags":[],"yoast_head":"<!-- This site is optimized with the Yoast SEO plugin v21.3 - https:\/\/yoast.com\/wordpress\/plugins\/seo\/ -->\n<title>Reforma duna cuina: amplitud i comunicaci\u00f3 - Rumco<\/title>\n<meta name=\"robots\" content=\"index, follow, max-snippet:-1, max-image-preview:large, max-video-preview:-1\" \/>\n<link rel=\"canonical\" href=\"https:\/\/rumco.es\/es\/reforma-duna-cuina-amplitud-i-comunicacio\/\" \/>\n<meta property=\"og:locale\" content=\"es_ES\" \/>\n<meta property=\"og:type\" content=\"article\" \/>\n<meta property=\"og:title\" content=\"Reforma duna cuina: amplitud i comunicaci\u00f3 - Rumco\" \/>\n<meta property=\"og:description\" content=\"DESCRIPCI\u00d3 Partint que la distribuci\u00f3 d&#8217;aquesta cuina era correcta, el repte de la reforma ha estat assolir el m\u00e0xim de [&hellip;]\" \/>\n<meta property=\"og:url\" content=\"https:\/\/rumco.es\/es\/reforma-duna-cuina-amplitud-i-comunicacio\/\" \/>\n<meta property=\"og:site_name\" content=\"Rumco\" \/>\n<meta property=\"article:published_time\" content=\"2022-07-02T21:42:38+00:00\" \/>\n<meta property=\"article:modified_time\" content=\"2022-12-21T11:24:49+00:00\" \/>\n<meta property=\"og:image\" content=\"https:\/\/rumco.es\/wp-content\/uploads\/2022\/06\/Interseccio\u0301n-20-copia-1.jpg\" \/>\n\t<meta property=\"og:image:width\" content=\"1154\" \/>\n\t<meta property=\"og:image:height\" content=\"942\" \/>\n\t<meta property=\"og:image:type\" content=\"image\/jpeg\" \/>\n<meta name=\"author\" content=\"rumcoes\" \/>\n<meta name=\"twitter:card\" content=\"summary_large_image\" \/>\n<meta name=\"twitter:label1\" content=\"Escrito por\" \/>\n\t<meta name=\"twitter:data1\" content=\"rumcoes\" \/>\n\t<meta name=\"twitter:label2\" content=\"Tiempo de lectura\" \/>\n\t<meta name=\"twitter:data2\" content=\"3 minutos\" \/>\n<script type=\"application\/ld+json\" class=\"yoast-schema-graph\">{\"@context\":\"https:\/\/schema.org\",\"@graph\":[{\"@type\":\"Article\",\"@id\":\"https:\/\/rumco.es\/es\/reforma-duna-cuina-amplitud-i-comunicacio\/#article\",\"isPartOf\":{\"@id\":\"https:\/\/rumco.es\/es\/reforma-duna-cuina-amplitud-i-comunicacio\/\"},\"author\":{\"name\":\"rumcoes\",\"@id\":\"https:\/\/rumco.es\/#\/schema\/person\/b25981de5b08835db6b4c6abd9bf5c66\"},\"headline\":\"Reforma duna cuina: amplitud i comunicaci\u00f3\",\"datePublished\":\"2022-07-02T21:42:38+00:00\",\"dateModified\":\"2022-12-21T11:24:49+00:00\",\"mainEntityOfPage\":{\"@id\":\"https:\/\/rumco.es\/es\/reforma-duna-cuina-amplitud-i-comunicacio\/\"},\"wordCount\":216,\"publisher\":{\"@id\":\"https:\/\/rumco.es\/#organization\"},\"articleSection\":[\"Reformas de Cocinas\"],\"inLanguage\":\"es\"},{\"@type\":\"WebPage\",\"@id\":\"https:\/\/rumco.es\/es\/reforma-duna-cuina-amplitud-i-comunicacio\/\",\"url\":\"https:\/\/rumco.es\/es\/reforma-duna-cuina-amplitud-i-comunicacio\/\",\"name\":\"Reforma duna cuina: amplitud i comunicaci\u00f3 - Rumco\",\"isPartOf\":{\"@id\":\"https:\/\/rumco.es\/#website\"},\"datePublished\":\"2022-07-02T21:42:38+00:00\",\"dateModified\":\"2022-12-21T11:24:49+00:00\",\"breadcrumb\":{\"@id\":\"https:\/\/rumco.es\/es\/reforma-duna-cuina-amplitud-i-comunicacio\/#breadcrumb\"},\"inLanguage\":\"es\",\"potentialAction\":[{\"@type\":\"ReadAction\",\"target\":[\"https:\/\/rumco.es\/es\/reforma-duna-cuina-amplitud-i-comunicacio\/\"]}]},{\"@type\":\"BreadcrumbList\",\"@id\":\"https:\/\/rumco.es\/es\/reforma-duna-cuina-amplitud-i-comunicacio\/#breadcrumb\",\"itemListElement\":[{\"@type\":\"ListItem\",\"position\":1,\"name\":\"Home\",\"item\":\"https:\/\/rumco.es\/es\/\"},{\"@type\":\"ListItem\",\"position\":2,\"name\":\"Reforma duna cuina: amplitud i comunicaci\u00f3\"}]},{\"@type\":\"WebSite\",\"@id\":\"https:\/\/rumco.es\/#website\",\"url\":\"https:\/\/rumco.es\/\",\"name\":\"Rumco\",\"description\":\"\",\"publisher\":{\"@id\":\"https:\/\/rumco.es\/#organization\"},\"potentialAction\":[{\"@type\":\"SearchAction\",\"target\":{\"@type\":\"EntryPoint\",\"urlTemplate\":\"https:\/\/rumco.es\/?s={search_term_string}\"},\"query-input\":\"required name=search_term_string\"}],\"inLanguage\":\"es\"},{\"@type\":\"Organization\",\"@id\":\"https:\/\/rumco.es\/#organization\",\"name\":\"Rumco\",\"url\":\"https:\/\/rumco.es\/\",\"logo\":{\"@type\":\"ImageObject\",\"inLanguage\":\"es\",\"@id\":\"https:\/\/rumco.es\/#\/schema\/logo\/image\/\",\"url\":\"https:\/\/rumco.es\/wp-content\/uploads\/2023\/02\/logo-rumco-white-no-lema.svg\",\"contentUrl\":\"https:\/\/rumco.es\/wp-content\/uploads\/2023\/02\/logo-rumco-white-no-lema.svg\",\"caption\":\"Rumco\"},\"image\":{\"@id\":\"https:\/\/rumco.es\/#\/schema\/logo\/image\/\"}},{\"@type\":\"Person\",\"@id\":\"https:\/\/rumco.es\/#\/schema\/person\/b25981de5b08835db6b4c6abd9bf5c66\",\"name\":\"rumcoes\",\"image\":{\"@type\":\"ImageObject\",\"inLanguage\":\"es\",\"@id\":\"https:\/\/rumco.es\/#\/schema\/person\/image\/\",\"url\":\"https:\/\/secure.gravatar.com\/avatar\/ee41b6743281801f21488b36b361d7fd?s=96&d=mm&r=g\",\"contentUrl\":\"https:\/\/secure.gravatar.com\/avatar\/ee41b6743281801f21488b36b361d7fd?s=96&d=mm&r=g\",\"caption\":\"rumcoes\"},\"url\":\"https:\/\/rumco.es\/es\/author\/rumcoes\/\"}]}<\/script>\n<!-- \/ Yoast SEO plugin. -->","yoast_head_json":{"title":"Reforma duna cuina: amplitud i comunicaci\u00f3 - Rumco","robots":{"index":"index","follow":"follow","max-snippet":"max-snippet:-1","max-image-preview":"max-image-preview:large","max-video-preview":"max-video-preview:-1"},"canonical":"https:\/\/rumco.es\/es\/reforma-duna-cuina-amplitud-i-comunicacio\/","og_locale":"es_ES","og_type":"article","og_title":"Reforma duna cuina: amplitud i comunicaci\u00f3 - Rumco","og_description":"DESCRIPCI\u00d3 Partint que la distribuci\u00f3 d&#8217;aquesta cuina era correcta, el repte de la reforma ha estat assolir el m\u00e0xim de [&hellip;]","og_url":"https:\/\/rumco.es\/es\/reforma-duna-cuina-amplitud-i-comunicacio\/","og_site_name":"Rumco","article_published_time":"2022-07-02T21:42:38+00:00","article_modified_time":"2022-12-21T11:24:49+00:00","og_image":[{"width":1154,"height":942,"url":"https:\/\/rumco.es\/wp-content\/uploads\/2022\/06\/Interseccio\u0301n-20-copia-1.jpg","type":"image\/jpeg"}],"author":"rumcoes","twitter_card":"summary_large_image","twitter_misc":{"Escrito por":"rumcoes","Tiempo de lectura":"3 minutos"},"schema":{"@context":"https:\/\/schema.org","@graph":[{"@type":"Article","@id":"https:\/\/rumco.es\/es\/reforma-duna-cuina-amplitud-i-comunicacio\/#article","isPartOf":{"@id":"https:\/\/rumco.es\/es\/reforma-duna-cuina-amplitud-i-comunicacio\/"},"author":{"name":"rumcoes","@id":"https:\/\/rumco.es\/#\/schema\/person\/b25981de5b08835db6b4c6abd9bf5c66"},"headline":"Reforma duna cuina: amplitud i comunicaci\u00f3","datePublished":"2022-07-02T21:42:38+00:00","dateModified":"2022-12-21T11:24:49+00:00","mainEntityOfPage":{"@id":"https:\/\/rumco.es\/es\/reforma-duna-cuina-amplitud-i-comunicacio\/"},"wordCount":216,"publisher":{"@id":"https:\/\/rumco.es\/#organization"},"articleSection":["Reformas de Cocinas"],"inLanguage":"es"},{"@type":"WebPage","@id":"https:\/\/rumco.es\/es\/reforma-duna-cuina-amplitud-i-comunicacio\/","url":"https:\/\/rumco.es\/es\/reforma-duna-cuina-amplitud-i-comunicacio\/","name":"Reforma duna cuina: amplitud i comunicaci\u00f3 - Rumco","isPartOf":{"@id":"https:\/\/rumco.es\/#website"},"datePublished":"2022-07-02T21:42:38+00:00","dateModified":"2022-12-21T11:24:49+00:00","breadcrumb":{"@id":"https:\/\/rumco.es\/es\/reforma-duna-cuina-amplitud-i-comunicacio\/#breadcrumb"},"inLanguage":"es","potentialAction":[{"@type":"ReadAction","target":["https:\/\/rumco.es\/es\/reforma-duna-cuina-amplitud-i-comunicacio\/"]}]},{"@type":"BreadcrumbList","@id":"https:\/\/rumco.es\/es\/reforma-duna-cuina-amplitud-i-comunicacio\/#breadcrumb","itemListElement":[{"@type":"ListItem","position":1,"name":"Home","item":"https:\/\/rumco.es\/es\/"},{"@type":"ListItem","position":2,"name":"Reforma duna cuina: amplitud i comunicaci\u00f3"}]},{"@type":"WebSite","@id":"https:\/\/rumco.es\/#website","url":"https:\/\/rumco.es\/","name":"Rumco","description":"","publisher":{"@id":"https:\/\/rumco.es\/#organization"},"potentialAction":[{"@type":"SearchAction","target":{"@type":"EntryPoint","urlTemplate":"https:\/\/rumco.es\/?s={search_term_string}"},"query-input":"required name=search_term_string"}],"inLanguage":"es"},{"@type":"Organization","@id":"https:\/\/rumco.es\/#organization","name":"Rumco","url":"https:\/\/rumco.es\/","logo":{"@type":"ImageObject","inLanguage":"es","@id":"https:\/\/rumco.es\/#\/schema\/logo\/image\/","url":"https:\/\/rumco.es\/wp-content\/uploads\/2023\/02\/logo-rumco-white-no-lema.svg","contentUrl":"https:\/\/rumco.es\/wp-content\/uploads\/2023\/02\/logo-rumco-white-no-lema.svg","caption":"Rumco"},"image":{"@id":"https:\/\/rumco.es\/#\/schema\/logo\/image\/"}},{"@type":"Person","@id":"https:\/\/rumco.es\/#\/schema\/person\/b25981de5b08835db6b4c6abd9bf5c66","name":"rumcoes","image":{"@type":"ImageObject","inLanguage":"es","@id":"https:\/\/rumco.es\/#\/schema\/person\/image\/","url":"https:\/\/secure.gravatar.com\/avatar\/ee41b6743281801f21488b36b361d7fd?s=96&d=mm&r=g","contentUrl":"https:\/\/secure.gravatar.com\/avatar\/ee41b6743281801f21488b36b361d7fd?s=96&d=mm&r=g","caption":"rumcoes"},"url":"https:\/\/rumco.es\/es\/author\/rumcoes\/"}]}},"_links":{"self":[{"href":"https:\/\/rumco.es\/es\/wp-json\/wp\/v2\/posts\/4908"}],"collection":[{"href":"https:\/\/rumco.es\/es\/wp-json\/wp\/v2\/posts"}],"about":[{"href":"https:\/\/rumco.es\/es\/wp-json\/wp\/v2\/types\/post"}],"author":[{"embeddable":true,"href":"https:\/\/rumco.es\/es\/wp-json\/wp\/v2\/users\/2"}],"replies":[{"embeddable":true,"href":"https:\/\/rumco.es\/es\/wp-json\/wp\/v2\/comments?post=4908"}],"version-history":[{"count":1,"href":"https:\/\/rumco.es\/es\/wp-json\/wp\/v2\/posts\/4908\/revisions"}],"predecessor-version":[{"id":7003,"href":"https:\/\/rumco.es\/es\/wp-json\/wp\/v2\/posts\/4908\/revisions\/7003"}],"wp:featuredmedia":[{"embeddable":true,"href":"https:\/\/rumco.es\/es\/wp-json\/wp\/v2\/media\/1392"}],"wp:attachment":[{"href":"https:\/\/rumco.es\/es\/wp-json\/wp\/v2\/media?parent=4908"}],"wp:term":[{"taxonomy":"category","embeddable":true,"href":"https:\/\/rumco.es\/es\/wp-json\/wp\/v2\/categories?post=4908"},{"taxonomy":"post_tag","embeddable":true,"href":"https:\/\/rumco.es\/es\/wp-json\/wp\/v2\/tags?post=4908"}],"curies":[{"name":"wp","href":"https:\/\/api.w.org\/{rel}","templated":true}]}}